{"id":36522,"date":"2023-09-06T11:08:35","date_gmt":"2023-09-06T14:08:35","guid":{"rendered":"https:\/\/www.fhycs.unam.edu.ar\/portada\/?p=36522"},"modified":"2023-09-18T06:44:56","modified_gmt":"2023-09-18T09:44:56","slug":"presentan-libro-digital-complices-pedagogicos-en-la-fhycs","status":"publish","type":"post","link":"https:\/\/www.fhycs.unam.edu.ar\/portada\/presentan-libro-digital-complices-pedagogicos-en-la-fhycs\/","title":{"rendered":"Presentan libro digital &#8220;C\u00f3mplices pedag\u00f3gicos&#8221; en la FHyCS"},"content":{"rendered":"<p>Este viernes 15\/9 presentamos la primera publicaci\u00f3n de Ediciones FHyCS con el libro digital: \u201cC\u00f3mplices pedag\u00f3gicos. Di\u00e1logo internacional de saberes y aprendizajes de docentes latinoamericanos en contexto de pandemia\u201d.<\/p>\n<p>Este hecho no s\u00f3lo es un hito en la construcci\u00f3n de un valioso espacio de consolidaci\u00f3n de propuestas de investigaci\u00f3n, desarrollo y producci\u00f3n de<br \/>\nconocimiento en distintas carreras de nuestra facultad; sino que tambi\u00e9n es la legitimaci\u00f3n de nuevas oportunidades para seguir difundiendo el conocimiento con la comunidad en<br \/>\ngeneral.<\/p>\n<p>El libro \u201cC\u00f3mplices pedag\u00f3gicos\u201d es una muestra de ello ya que incluye la sistematizaci\u00f3n y reflexi\u00f3n de docentes de nueve pa\u00edses latinoamericanos y sus experiencias educativas durante la pandemia del COVID. De esta manera, esta<br \/>\npublicaci\u00f3n es un logro colectivo de una red de docentes que investigan desde el aula y que vinculan a distintas instituciones.<\/p>\n<p>\ud83d\uddd3\ufe0f Viernes 15 de septiembre \/ 17 hrs \/ SUM del edificio Figueredo.<br \/>\nTransmisi\u00f3n en vivo por YouTube \ud83d\udc47\ud83c\udffd<br \/>\n<iframe class=\"wp-embedded-content\" sandbox=\"allow-scripts\" security=\"restricted\" title=\"Presentaci\u00f3n formal del 1er libro publicado por la editorial de la facultad: C\u00f3mplices Pedag\u00f3gicos\" width=\"500\" height=\"281\" src=\"https:\/\/www.youtube.com\/embed\/0sH2liZjYiw?feature=oembed#?secret=v8aQXJP70T\" data-secret=\"v8aQXJP70T\" frameborder=\"0\"><\/iframe><\/p>\n","protected":false},"excerpt":{"rendered":"<p>Este viernes 15\/9 presentamos la primera publicaci\u00f3n de Ediciones FHyCS con el libro digital: \u201cC\u00f3mplices pedag\u00f3gicos. Di\u00e1logo internacional de saberes y aprendizajes de docentes latinoamericanos en contexto de pandemia\u201d. Este hecho no s\u00f3lo es un hito en la construcci\u00f3n de un valioso espacio de consolidaci\u00f3n de propuestas de investigaci\u00f3n, desarrollo y producci\u00f3n de conocimiento en [&hellip;]<\/p>\n","protected":false},"author":10,"featured_media":36524,"comment_status":"open","ping_status":"closed","sticky":false,"template":"","format":"standard","meta":{"extendify_custom_stylesheet":""},"categories":[1],"tags":[5],"_links":{"self":[{"href":"https:\/\/www.fhycs.unam.edu.ar\/portada\/wp-json\/wp\/v2\/posts\/36522"}],"collection":[{"href":"https:\/\/www.fhycs.unam.edu.ar\/portada\/wp-json\/wp\/v2\/posts"}],"about":[{"href":"https:\/\/www.fhycs.unam.edu.ar\/portada\/wp-json\/wp\/v2\/types\/post"}],"author":[{"embeddable":true,"href":"https:\/\/www.fhycs.unam.edu.ar\/portada\/wp-json\/wp\/v2\/users\/10"}],"replies":[{"embeddable":true,"href":"https:\/\/www.fhycs.unam.edu.ar\/portada\/wp-json\/wp\/v2\/comments?post=36522"}],"version-history":[{"count":1,"href":"https:\/\/www.fhycs.unam.edu.ar\/portada\/wp-json\/wp\/v2\/posts\/36522\/revisions"}],"predecessor-version":[{"id":36523,"href":"https:\/\/www.fhycs.unam.edu.ar\/portada\/wp-json\/wp\/v2\/posts\/36522\/revisions\/36523"}],"wp:featuredmedia":[{"embeddable":true,"href":"https:\/\/www.fhycs.unam.edu.ar\/portada\/wp-json\/wp\/v2\/media\/36524"}],"wp:attachment":[{"href":"https:\/\/www.fhycs.unam.edu.ar\/portada\/wp-json\/wp\/v2\/media?parent=36522"}],"wp:term":[{"taxonomy":"category","embeddable":true,"href":"https:\/\/www.fhycs.unam.edu.ar\/portada\/wp-json\/wp\/v2\/categories?post=36522"},{"taxonomy":"post_tag","embeddable":true,"href":"https:\/\/www.fhycs.unam.edu.ar\/portada\/wp-json\/wp\/v2\/tags?post=36522"}],"curies":[{"name":"wp","href":"https:\/\/api.w.org\/{rel}","templated":true}]}}