{"id":36528,"date":"2023-09-15T10:56:05","date_gmt":"2023-09-15T13:56:05","guid":{"rendered":"https:\/\/www.fhycs.unam.edu.ar\/portada\/?p=36528"},"modified":"2023-09-28T09:59:38","modified_gmt":"2023-09-28T12:59:38","slug":"conferencia-cuatro-decadas-de-democracia-pueblos-indigenas-y-territorio","status":"publish","type":"post","link":"https:\/\/www.fhycs.unam.edu.ar\/portada\/conferencia-cuatro-decadas-de-democracia-pueblos-indigenas-y-territorio\/","title":{"rendered":"Conferencia &#8220;Cuatro d\u00e9cadas de democracia: pueblos ind\u00edgenas y territorio&#8221;"},"content":{"rendered":"<p>Est\u00e1 organizada por el Departamento de Comunicaci\u00f3n Social junto a la C\u00e1tedra Libre Eduardo Galeano Helena Villagra y el Proyecto Circuito por la Memoria (CXM) en el marco de los 50 a\u00f1os de la UNaM y de los 40 a\u00f1os de democracia argentina.<\/p>\n<blockquote>\n<h4 style=\"text-align: right;\"><a href=\"https:\/\/youtube.com\/live\/gTWS7VA-yh4?feature=share\" target=\"_blank\" rel=\"noopener\">ENLACE DE TRASMISI\u00d3N EN VIVO<\/a><\/h4>\n<h4 style=\"text-align: right;\"><a href=\"https:\/\/docs.google.com\/forms\/d\/e\/1FAIpQLSeydfGGrobT9RX8-iC3QfeliDrystlUF-uIgJlqUED0a1M3gA\/viewform\" target=\"_blank\" rel=\"noopener\">Formulario de inscripci\u00f3n<\/a><\/h4>\n<\/blockquote>\n<p>La conferencia estar\u00e1 a cargo de Dar\u00edo Aranda, periodista, integrante de la Cooperativa Agencia de Noticias Tierra Viva y trabajador del diario P\u00e1gina12 desde el a\u00f1o 2003, colabora con la FM La Tribu. Especializado en extractivismo (petr\u00f3leo, miner\u00eda, agronegocios y forestales), escribe sobre el acontecer de los pueblos ind\u00edgenas, organizaciones campesinas y asambleas socio-ambientales.<\/p>\n<p>Aranda comenz\u00f3 su formaci\u00f3n profesional en la Agencia Universitaria de Noticias y Opini\u00f3n (AUNO) de la Facultad de Ciencias Sociales de la Universidad Nacional de Lomas de Zamora (UNLZ). Es autor de los libros \u201cArgentina Originaria. Genocidios, saqueos y resistencias\u201d, y de \u201cTierra Arrasada. Petr\u00f3leo, soja, pasteras y megaminer\u00eda\u201d; y es coautor de \u201c\u00bfQui\u00e9nes hacen periodismo? Trabajadoras y trabajadores de prensa\u201d (2020).<\/p>\n<p>La conferencia es libre y gratuita, y se llevar\u00e1 a cabo el 19 de septiembre a las 10 horas en el SUM del edificio Figueredo de nuestra Facultad.<\/p>\n","protected":false},"excerpt":{"rendered":"<p>Est\u00e1 organizada por el Departamento de Comunicaci\u00f3n Social junto a la C\u00e1tedra Libre Eduardo Galeano Helena Villagra y el Proyecto Circuito por la Memoria (CXM) en el marco de los 50 a\u00f1os de la UNaM y de los 40 a\u00f1os de democracia argentina. ENLACE DE TRASMISI\u00d3N EN VIVO Formulario de inscripci\u00f3n La conferencia estar\u00e1 a [&hellip;]<\/p>\n","protected":false},"author":10,"featured_media":36529,"comment_status":"open","ping_status":"closed","sticky":false,"template":"","format":"standard","meta":{"extendify_custom_stylesheet":""},"categories":[35],"tags":[5771],"_links":{"self":[{"href":"https:\/\/www.fhycs.unam.edu.ar\/portada\/wp-json\/wp\/v2\/posts\/36528"}],"collection":[{"href":"https:\/\/www.fhycs.unam.edu.ar\/portada\/wp-json\/wp\/v2\/posts"}],"about":[{"href":"https:\/\/www.fhycs.unam.edu.ar\/portada\/wp-json\/wp\/v2\/types\/post"}],"author":[{"embeddable":true,"href":"https:\/\/www.fhycs.unam.edu.ar\/portada\/wp-json\/wp\/v2\/users\/10"}],"replies":[{"embeddable":true,"href":"https:\/\/www.fhycs.unam.edu.ar\/portada\/wp-json\/wp\/v2\/comments?post=36528"}],"version-history":[{"count":1,"href":"https:\/\/www.fhycs.unam.edu.ar\/portada\/wp-json\/wp\/v2\/posts\/36528\/revisions"}],"predecessor-version":[{"id":36530,"href":"https:\/\/www.fhycs.unam.edu.ar\/portada\/wp-json\/wp\/v2\/posts\/36528\/revisions\/36530"}],"wp:featuredmedia":[{"embeddable":true,"href":"https:\/\/www.fhycs.unam.edu.ar\/portada\/wp-json\/wp\/v2\/media\/36529"}],"wp:attachment":[{"href":"https:\/\/www.fhycs.unam.edu.ar\/portada\/wp-json\/wp\/v2\/media?parent=36528"}],"wp:term":[{"taxonomy":"category","embeddable":true,"href":"https:\/\/www.fhycs.unam.edu.ar\/portada\/wp-json\/wp\/v2\/categories?post=36528"},{"taxonomy":"post_tag","embeddable":true,"href":"https:\/\/www.fhycs.unam.edu.ar\/portada\/wp-json\/wp\/v2\/tags?post=36528"}],"curies":[{"name":"wp","href":"https:\/\/api.w.org\/{rel}","templated":true}]}}