{"id":36535,"date":"2023-09-18T12:08:37","date_gmt":"2023-09-18T15:08:37","guid":{"rendered":"https:\/\/www.fhycs.unam.edu.ar\/portada\/?p=36535"},"modified":"2023-09-18T12:13:40","modified_gmt":"2023-09-18T15:13:40","slug":"pesar-por-el-fallecimiento-de-carlos-gerardo-albrecht","status":"publish","type":"post","link":"https:\/\/www.fhycs.unam.edu.ar\/portada\/pesar-por-el-fallecimiento-de-carlos-gerardo-albrecht\/","title":{"rendered":"Pesar por el fallecimiento de Carlos Gerardo Albrecht"},"content":{"rendered":"<p><img loading=\"lazy\" class=\"size-medium wp-image-36536 alignleft\" src=\"https:\/\/www.fhycs.unam.edu.ar\/portada\/wp-content\/uploads\/2023\/09\/duelo-albrecht-300x300.png\" alt=\"\" width=\"300\" height=\"300\" srcset=\"https:\/\/www.fhycs.unam.edu.ar\/portada\/wp-content\/uploads\/2023\/09\/duelo-albrecht-300x300.png 300w, https:\/\/www.fhycs.unam.edu.ar\/portada\/wp-content\/uploads\/2023\/09\/duelo-albrecht-1024x1024.png 1024w, https:\/\/www.fhycs.unam.edu.ar\/portada\/wp-content\/uploads\/2023\/09\/duelo-albrecht-150x150.png 150w, https:\/\/www.fhycs.unam.edu.ar\/portada\/wp-content\/uploads\/2023\/09\/duelo-albrecht-768x768.png 768w, https:\/\/www.fhycs.unam.edu.ar\/portada\/wp-content\/uploads\/2023\/09\/duelo-albrecht.png 1080w\" sizes=\"(max-width: 300px) 100vw, 300px\" \/><\/p>\n<p>El Sr. Decano y equipo de gesti\u00f3n de la FHyCS comunican con pesar el fallecimiento del Sr. Carlos Gerardo Albrecht, padre de la Prof. Gabriela Amalia (Coordinadora de Programas Especiales de la Secretar\u00eda Acad\u00e9mica) y la Profesora Noelia.<\/p>\n<p>Enviamos nuestras condolencias y acompa\u00f1amos a familiares y amigos.<\/p>\n","protected":false},"excerpt":{"rendered":"<p>El Sr. Decano y equipo de gesti\u00f3n de la FHyCS comunican con pesar el fallecimiento del Sr. Carlos Gerardo Albrecht, padre de la Prof. Gabriela Amalia (Coordinadora de Programas Especiales de la Secretar\u00eda Acad\u00e9mica) y la Profesora Noelia. Enviamos nuestras condolencias y acompa\u00f1amos a familiares y amigos.<\/p>\n","protected":false},"author":10,"featured_media":36536,"comment_status":"open","ping_status":"closed","sticky":false,"template":"","format":"standard","meta":{"extendify_custom_stylesheet":""},"categories":[10,1],"tags":[5772],"_links":{"self":[{"href":"https:\/\/www.fhycs.unam.edu.ar\/portada\/wp-json\/wp\/v2\/posts\/36535"}],"collection":[{"href":"https:\/\/www.fhycs.unam.edu.ar\/portada\/wp-json\/wp\/v2\/posts"}],"about":[{"href":"https:\/\/www.fhycs.unam.edu.ar\/portada\/wp-json\/wp\/v2\/types\/post"}],"author":[{"embeddable":true,"href":"https:\/\/www.fhycs.unam.edu.ar\/portada\/wp-json\/wp\/v2\/users\/10"}],"replies":[{"embeddable":true,"href":"https:\/\/www.fhycs.unam.edu.ar\/portada\/wp-json\/wp\/v2\/comments?post=36535"}],"version-history":[{"count":1,"href":"https:\/\/www.fhycs.unam.edu.ar\/portada\/wp-json\/wp\/v2\/posts\/36535\/revisions"}],"predecessor-version":[{"id":36537,"href":"https:\/\/www.fhycs.unam.edu.ar\/portada\/wp-json\/wp\/v2\/posts\/36535\/revisions\/36537"}],"wp:featuredmedia":[{"embeddable":true,"href":"https:\/\/www.fhycs.unam.edu.ar\/portada\/wp-json\/wp\/v2\/media\/36536"}],"wp:attachment":[{"href":"https:\/\/www.fhycs.unam.edu.ar\/portada\/wp-json\/wp\/v2\/media?parent=36535"}],"wp:term":[{"taxonomy":"category","embeddable":true,"href":"https:\/\/www.fhycs.unam.edu.ar\/portada\/wp-json\/wp\/v2\/categories?post=36535"},{"taxonomy":"post_tag","embeddable":true,"href":"https:\/\/www.fhycs.unam.edu.ar\/portada\/wp-json\/wp\/v2\/tags?post=36535"}],"curies":[{"name":"wp","href":"https:\/\/api.w.org\/{rel}","templated":true}]}}