{"id":36585,"date":"2023-09-15T07:44:55","date_gmt":"2023-09-15T10:44:55","guid":{"rendered":"https:\/\/www.fhycs.unam.edu.ar\/portada\/?p=36585"},"modified":"2023-10-02T07:54:26","modified_gmt":"2023-10-02T10:54:26","slug":"segunda-convocatoria-de-mujeres-a-la-vista-en-la-fhycs","status":"publish","type":"post","link":"https:\/\/www.fhycs.unam.edu.ar\/portada\/segunda-convocatoria-de-mujeres-a-la-vista-en-la-fhycs\/","title":{"rendered":"Segunda convocatoria de Mujeres a la Vista en la FHyCS"},"content":{"rendered":"<p>CONVOCATORIA \u201cMujeres Revolucionarias\u201d |<\/p>\n<p>\ud83d\udce3 Estamos felices de anunciar que se viene la 2\u00b0 Convocatoria a presentaci\u00f3n de producciones audiovisuales que tiene por objetivo visibilizar la trayectoria de mujeres referentes de nuestra Regi\u00f3n de Frontera.<\/p>\n<p>\ud83c\udfa5 Lxs invitamos al Lanzamiento Oficial de la nueva convocatoria \u201cMujeres Revolucionarias&#8221; del Proyecto de Extensi\u00f3n Mujeres a la Vista (Resoluci\u00f3n HCD N\u00b0 426\/22).<\/p>\n<p>\ud83d\udcc5 Fecha: Mi\u00e9rcoles 20 de septiembre<br \/>\n\ud83d\udd53 Hora: 16:00 hs<br \/>\n\ud83d\udccd Lugar: Sala de Consejo Directivo, primer piso del Edificio Central de la FHyCS (Tucum\u00e1n 1946).<\/p>\n<p>\ud83c\udfc6 En este evento celebraremos a los grupos destacados de la 1\u00b0 Convocatoria con premios, reconocimientos y certificados de participaci\u00f3n. Tambi\u00e9n, compartiremos informaci\u00f3n clave sobre las bases y condiciones de la nueva convocatoria, adem\u00e1s de un taller sobre c\u00f3mo realizar una producci\u00f3n audiovisual que ponga en valor las trayectorias de mujeres revolucionarias de nuestra Regi\u00f3n de Frontera.<\/p>\n<p>\u2728 \u00a1No se lo pierdan y compartan esta informaci\u00f3n con sus compa\u00f1erxs de la FHyCS-UNaM!<\/p>\n","protected":false},"excerpt":{"rendered":"<p>CONVOCATORIA \u201cMujeres Revolucionarias\u201d | \ud83d\udce3 Estamos felices de anunciar que se viene la 2\u00b0 Convocatoria a presentaci\u00f3n de producciones audiovisuales que tiene por objetivo visibilizar la trayectoria de mujeres referentes de nuestra Regi\u00f3n de Frontera. \ud83c\udfa5 Lxs invitamos al Lanzamiento Oficial de la nueva convocatoria \u201cMujeres Revolucionarias&#8221; del Proyecto de Extensi\u00f3n Mujeres a la Vista [&hellip;]<\/p>\n","protected":false},"author":10,"featured_media":36587,"comment_status":"open","ping_status":"closed","sticky":false,"template":"","format":"standard","meta":{"extendify_custom_stylesheet":""},"categories":[1],"tags":[5775],"_links":{"self":[{"href":"https:\/\/www.fhycs.unam.edu.ar\/portada\/wp-json\/wp\/v2\/posts\/36585"}],"collection":[{"href":"https:\/\/www.fhycs.unam.edu.ar\/portada\/wp-json\/wp\/v2\/posts"}],"about":[{"href":"https:\/\/www.fhycs.unam.edu.ar\/portada\/wp-json\/wp\/v2\/types\/post"}],"author":[{"embeddable":true,"href":"https:\/\/www.fhycs.unam.edu.ar\/portada\/wp-json\/wp\/v2\/users\/10"}],"replies":[{"embeddable":true,"href":"https:\/\/www.fhycs.unam.edu.ar\/portada\/wp-json\/wp\/v2\/comments?post=36585"}],"version-history":[{"count":1,"href":"https:\/\/www.fhycs.unam.edu.ar\/portada\/wp-json\/wp\/v2\/posts\/36585\/revisions"}],"predecessor-version":[{"id":36588,"href":"https:\/\/www.fhycs.unam.edu.ar\/portada\/wp-json\/wp\/v2\/posts\/36585\/revisions\/36588"}],"wp:featuredmedia":[{"embeddable":true,"href":"https:\/\/www.fhycs.unam.edu.ar\/portada\/wp-json\/wp\/v2\/media\/36587"}],"wp:attachment":[{"href":"https:\/\/www.fhycs.unam.edu.ar\/portada\/wp-json\/wp\/v2\/media?parent=36585"}],"wp:term":[{"taxonomy":"category","embeddable":true,"href":"https:\/\/www.fhycs.unam.edu.ar\/portada\/wp-json\/wp\/v2\/categories?post=36585"},{"taxonomy":"post_tag","embeddable":true,"href":"https:\/\/www.fhycs.unam.edu.ar\/portada\/wp-json\/wp\/v2\/tags?post=36585"}],"curies":[{"name":"wp","href":"https:\/\/api.w.org\/{rel}","templated":true}]}}