{"id":36655,"date":"2023-09-27T07:53:36","date_gmt":"2023-09-27T10:53:36","guid":{"rendered":"https:\/\/www.fhycs.unam.edu.ar\/portada\/?p=36655"},"modified":"2023-10-02T07:52:25","modified_gmt":"2023-10-02T10:52:25","slug":"conferencia-negacionismos-a-40-anos-de-la-recuperacion-democratica","status":"publish","type":"post","link":"https:\/\/www.fhycs.unam.edu.ar\/portada\/conferencia-negacionismos-a-40-anos-de-la-recuperacion-democratica\/","title":{"rendered":"Conferencia &#8220;Negacionismos a 40 a\u00f1os de la recuperaci\u00f3n democr\u00e1tica&#8221;"},"content":{"rendered":"<p><img loading=\"lazy\" class=\"size-medium wp-image-36656 alignleft\" src=\"https:\/\/www.fhycs.unam.edu.ar\/portada\/wp-content\/uploads\/2023\/09\/zarranz-286x300.jpeg\" alt=\"\" width=\"286\" height=\"300\" srcset=\"https:\/\/www.fhycs.unam.edu.ar\/portada\/wp-content\/uploads\/2023\/09\/zarranz-286x300.jpeg 286w, https:\/\/www.fhycs.unam.edu.ar\/portada\/wp-content\/uploads\/2023\/09\/zarranz.jpeg 558w\" sizes=\"(max-width: 286px) 100vw, 286px\" \/><\/p>\n<p>Brindar\u00e1n una conferencia denominada \u201cNegacionismos a 40 a\u00f1os de la recuperaci\u00f3n democr\u00e1tica. Dijimos Nunca m\u00e1s\u201d a cargo del Mgter. Luis Zarranz, para reflexionar\u00a0 en esta coyuntura hist\u00f3rica sobre el avance del negacionismo y los peligros que ello implica para nuestra democracia.<!--more--><\/p>\n<blockquote>\n<h4 style=\"text-align: right;\"><span style=\"color: #008080;\">Se llevar\u00e1 a cabo este viernes 29 de septiembre, a las 18 horas.<\/span><\/h4>\n<h4 style=\"text-align: right;\"><a href=\"https:\/\/www.youtube.com\/@secretariainvestigacionhum2577\" target=\"_blank\" rel=\"noopener\">TRANSMISI\u00d3N EN VIVO<\/a><\/h4>\n<h4 style=\"text-align: right;\"><span style=\"color: #008080;\">Entrada libre y gratuita<\/span><\/h4>\n<\/blockquote>\n<p>Cuenta con el apoyo de los siguientes espacios: TI: 16\/H1216 \u201cExperiencias de participaci\u00f3n socio-comunicacionales y pol\u00edticas en la historia reciente de Misiones\u201d; la C\u00e1tedra Libre Eduardo Galeano Helena Villagra, el proyecto de Extensi\u00f3n Circuito por la Memoria, el departamento de la carrera de Comunicaci\u00f3n social y la Secretar\u00eda de Investigaci\u00f3n de la FHCS-UNaM.<\/p>\n<blockquote><p><strong>Sobre el disertante<\/strong><\/p><\/blockquote>\n<p>Luis Zarranz es periodista graduado en el C\u00edrculo de la Prensa, Licenciado en Comunicaci\u00f3n por la Universidad Nacional de San Mart\u00edn (UNSAM) y Mag\u00edster en Comunicaci\u00f3n y Derechos Humanos por la Facultad de Periodismo y Comunicaci\u00f3n Social de la Universidad Nacional de La Plata (FPyCSUNLP). Es docente en las Universidades Nacionales de La Plata y de Lan\u00fas. Fue coordinador de Prensa de la Asociaci\u00f3n Madres de Plaza de Mayo, entre 2007 y 2019, y director de la carrera de Comunicaci\u00f3n Social en el Instituto Universitario Nacional de Derechos Humanos \u201cMadres de Plaza de Mayo\u201d (IUNMa), el primer instituto universitario de derechos humanos de Am\u00e9rica Latina.<\/p>\n","protected":false},"excerpt":{"rendered":"<p>Brindar\u00e1n una conferencia denominada \u201cNegacionismos a 40 a\u00f1os de la recuperaci\u00f3n democr\u00e1tica. Dijimos Nunca m\u00e1s\u201d a cargo del Mgter. Luis Zarranz, para reflexionar\u00a0 en esta coyuntura hist\u00f3rica sobre el avance del negacionismo y los peligros que ello implica para nuestra democracia.<\/p>\n","protected":false},"author":10,"featured_media":36656,"comment_status":"open","ping_status":"closed","sticky":false,"template":"","format":"standard","meta":{"extendify_custom_stylesheet":""},"categories":[1],"tags":[5777],"_links":{"self":[{"href":"https:\/\/www.fhycs.unam.edu.ar\/portada\/wp-json\/wp\/v2\/posts\/36655"}],"collection":[{"href":"https:\/\/www.fhycs.unam.edu.ar\/portada\/wp-json\/wp\/v2\/posts"}],"about":[{"href":"https:\/\/www.fhycs.unam.edu.ar\/portada\/wp-json\/wp\/v2\/types\/post"}],"author":[{"embeddable":true,"href":"https:\/\/www.fhycs.unam.edu.ar\/portada\/wp-json\/wp\/v2\/users\/10"}],"replies":[{"embeddable":true,"href":"https:\/\/www.fhycs.unam.edu.ar\/portada\/wp-json\/wp\/v2\/comments?post=36655"}],"version-history":[{"count":2,"href":"https:\/\/www.fhycs.unam.edu.ar\/portada\/wp-json\/wp\/v2\/posts\/36655\/revisions"}],"predecessor-version":[{"id":36658,"href":"https:\/\/www.fhycs.unam.edu.ar\/portada\/wp-json\/wp\/v2\/posts\/36655\/revisions\/36658"}],"wp:featuredmedia":[{"embeddable":true,"href":"https:\/\/www.fhycs.unam.edu.ar\/portada\/wp-json\/wp\/v2\/media\/36656"}],"wp:attachment":[{"href":"https:\/\/www.fhycs.unam.edu.ar\/portada\/wp-json\/wp\/v2\/media?parent=36655"}],"wp:term":[{"taxonomy":"category","embeddable":true,"href":"https:\/\/www.fhycs.unam.edu.ar\/portada\/wp-json\/wp\/v2\/categories?post=36655"},{"taxonomy":"post_tag","embeddable":true,"href":"https:\/\/www.fhycs.unam.edu.ar\/portada\/wp-json\/wp\/v2\/tags?post=36655"}],"curies":[{"name":"wp","href":"https:\/\/api.w.org\/{rel}","templated":true}]}}