{"id":36671,"date":"2023-09-28T10:30:20","date_gmt":"2023-09-28T13:30:20","guid":{"rendered":"https:\/\/www.fhycs.unam.edu.ar\/portada\/?p=36671"},"modified":"2023-09-28T10:30:20","modified_gmt":"2023-09-28T13:30:20","slug":"taller-de-ingreso-al-sistema-educativo","status":"publish","type":"post","link":"https:\/\/www.fhycs.unam.edu.ar\/portada\/taller-de-ingreso-al-sistema-educativo\/","title":{"rendered":"Taller de ingreso al sistema educativo"},"content":{"rendered":"<p>Invitamos al Taller \u201cIngreso al Sistema Educativo. Una Mirada Compartida\u201d, a realizarse los d\u00edas: 29 de septiembre en la Facultad de Artes y Dise\u00f1o de Ober\u00e1, el 5 de octubre en la Facultad de Humanidades y Ciencias Sociales y el 12 en la Facultad de Ciencias Forestales de Eldorado.<\/p>\n<p>Est\u00e1 destinado a estudiantes avanzados de las carreras de Formaci\u00f3n docente de la Universidad Nacional de Misiones, con el objetivo de brindarles herramientas informativas en relaci\u00f3n al Ingreso al Sistema Educativo, a realizarse en modalidad presencial.<\/p>\n<p>Esta actividad es articulada entre la Facultad de Humanidades y Ciencias Sociales de la UNaM y la Junta de Clasificaci\u00f3n y Disciplina -Rama Secundaria y Superior, Consejo General de Educaci\u00f3n.<\/p>\n","protected":false},"excerpt":{"rendered":"<p>Invitamos al Taller \u201cIngreso al Sistema Educativo. Una Mirada Compartida\u201d, a realizarse los d\u00edas: 29 de septiembre en la Facultad de Artes y Dise\u00f1o de Ober\u00e1, el 5 de octubre en la Facultad de Humanidades y Ciencias Sociales y el 12 en la Facultad de Ciencias Forestales de Eldorado. Est\u00e1 destinado a estudiantes avanzados de [&hellip;]<\/p>\n","protected":false},"author":10,"featured_media":36672,"comment_status":"open","ping_status":"closed","sticky":false,"template":"","format":"standard","meta":{"extendify_custom_stylesheet":""},"categories":[1],"tags":[5,5781],"_links":{"self":[{"href":"https:\/\/www.fhycs.unam.edu.ar\/portada\/wp-json\/wp\/v2\/posts\/36671"}],"collection":[{"href":"https:\/\/www.fhycs.unam.edu.ar\/portada\/wp-json\/wp\/v2\/posts"}],"about":[{"href":"https:\/\/www.fhycs.unam.edu.ar\/portada\/wp-json\/wp\/v2\/types\/post"}],"author":[{"embeddable":true,"href":"https:\/\/www.fhycs.unam.edu.ar\/portada\/wp-json\/wp\/v2\/users\/10"}],"replies":[{"embeddable":true,"href":"https:\/\/www.fhycs.unam.edu.ar\/portada\/wp-json\/wp\/v2\/comments?post=36671"}],"version-history":[{"count":1,"href":"https:\/\/www.fhycs.unam.edu.ar\/portada\/wp-json\/wp\/v2\/posts\/36671\/revisions"}],"predecessor-version":[{"id":36673,"href":"https:\/\/www.fhycs.unam.edu.ar\/portada\/wp-json\/wp\/v2\/posts\/36671\/revisions\/36673"}],"wp:featuredmedia":[{"embeddable":true,"href":"https:\/\/www.fhycs.unam.edu.ar\/portada\/wp-json\/wp\/v2\/media\/36672"}],"wp:attachment":[{"href":"https:\/\/www.fhycs.unam.edu.ar\/portada\/wp-json\/wp\/v2\/media?parent=36671"}],"wp:term":[{"taxonomy":"category","embeddable":true,"href":"https:\/\/www.fhycs.unam.edu.ar\/portada\/wp-json\/wp\/v2\/categories?post=36671"},{"taxonomy":"post_tag","embeddable":true,"href":"https:\/\/www.fhycs.unam.edu.ar\/portada\/wp-json\/wp\/v2\/tags?post=36671"}],"curies":[{"name":"wp","href":"https:\/\/api.w.org\/{rel}","templated":true}]}}