{"id":36825,"date":"2023-10-30T08:24:14","date_gmt":"2023-10-30T11:24:14","guid":{"rendered":"https:\/\/www.fhycs.unam.edu.ar\/portada\/?p=36825"},"modified":"2023-10-30T08:47:42","modified_gmt":"2023-10-30T11:47:42","slug":"celebracion-en-la-fhycs-por-el-dia-del-graduado-y-graduada","status":"publish","type":"post","link":"https:\/\/www.fhycs.unam.edu.ar\/portada\/celebracion-en-la-fhycs-por-el-dia-del-graduado-y-graduada\/","title":{"rendered":"Celebraci\u00f3n en la FHyCS por el D\u00eda del Graduado y Graduada"},"content":{"rendered":"<p>El programa de la Oficina de Graduados dependiente de la Secretar\u00eda de Extensi\u00f3n y Vinculaci\u00f3n Tecnol\u00f3gica de la FHyCS invita a participar de la Celebraci\u00f3n del D\u00eda del Graduado\/a de la Universidad Nacional de Misiones.<!--more--><\/p>\n<blockquote>\n<h4 style=\"text-align: right;\"><span style=\"color: #008080;\">Ser\u00e1 el lunes 30 de octubre a las 18hs en el SUM del edificio Juan Figueredo (Col\u00f3n 2368)..<\/span><br \/>\n<span style=\"color: #008080;\">ENLACE del evento<span style=\"color: #0000ff;\">\u00a0<\/span><a style=\"color: #008080;\" href=\"https:\/\/meet.google.com\/gui-ksdi-tmn\" target=\"_blank\" rel=\"noopener\"><span style=\"color: #0000ff;\">https:\/\/meet.google.com\/gui-ksdi-tmn\u00a0<\/span><\/a><\/span><\/h4>\n<h4 style=\"text-align: right;\"><span style=\"color: #008080;\">Actividad libre y gratuita Con entrega de certificados.<\/span><\/h4>\n<\/blockquote>\n<p>Este d\u00eda conmemora las primeras graduaciones de la Universidad y durante la celebraci\u00f3n que se realizar\u00e1 en la Facultad se distinguir\u00e1 a doce graduados\/as de la Facultad en reconocimiento a su trayectoria, a su trabajo profesional, a su aporte a la profesi\u00f3n y\/o por alguna tarea destacada que hayan realizado con la comunidad.<\/p>\n<p>&nbsp;<\/p>\n<p>&nbsp;<\/p>\n","protected":false},"excerpt":{"rendered":"<p>El programa de la Oficina de Graduados dependiente de la Secretar\u00eda de Extensi\u00f3n y Vinculaci\u00f3n Tecnol\u00f3gica de la FHyCS invita a participar de la Celebraci\u00f3n del D\u00eda del Graduado\/a de la Universidad Nacional de Misiones.<\/p>\n","protected":false},"author":10,"featured_media":23542,"comment_status":"open","ping_status":"closed","sticky":false,"template":"","format":"standard","meta":{"extendify_custom_stylesheet":""},"categories":[3075],"tags":[5804,5],"_links":{"self":[{"href":"https:\/\/www.fhycs.unam.edu.ar\/portada\/wp-json\/wp\/v2\/posts\/36825"}],"collection":[{"href":"https:\/\/www.fhycs.unam.edu.ar\/portada\/wp-json\/wp\/v2\/posts"}],"about":[{"href":"https:\/\/www.fhycs.unam.edu.ar\/portada\/wp-json\/wp\/v2\/types\/post"}],"author":[{"embeddable":true,"href":"https:\/\/www.fhycs.unam.edu.ar\/portada\/wp-json\/wp\/v2\/users\/10"}],"replies":[{"embeddable":true,"href":"https:\/\/www.fhycs.unam.edu.ar\/portada\/wp-json\/wp\/v2\/comments?post=36825"}],"version-history":[{"count":1,"href":"https:\/\/www.fhycs.unam.edu.ar\/portada\/wp-json\/wp\/v2\/posts\/36825\/revisions"}],"predecessor-version":[{"id":36826,"href":"https:\/\/www.fhycs.unam.edu.ar\/portada\/wp-json\/wp\/v2\/posts\/36825\/revisions\/36826"}],"wp:featuredmedia":[{"embeddable":true,"href":"https:\/\/www.fhycs.unam.edu.ar\/portada\/wp-json\/wp\/v2\/media\/23542"}],"wp:attachment":[{"href":"https:\/\/www.fhycs.unam.edu.ar\/portada\/wp-json\/wp\/v2\/media?parent=36825"}],"wp:term":[{"taxonomy":"category","embeddable":true,"href":"https:\/\/www.fhycs.unam.edu.ar\/portada\/wp-json\/wp\/v2\/categories?post=36825"},{"taxonomy":"post_tag","embeddable":true,"href":"https:\/\/www.fhycs.unam.edu.ar\/portada\/wp-json\/wp\/v2\/tags?post=36825"}],"curies":[{"name":"wp","href":"https:\/\/api.w.org\/{rel}","templated":true}]}}