{"id":36926,"date":"2023-11-22T12:30:12","date_gmt":"2023-11-22T15:30:12","guid":{"rendered":"https:\/\/www.fhycs.unam.edu.ar\/portada\/?p=36926"},"modified":"2023-11-22T12:31:02","modified_gmt":"2023-11-22T15:31:02","slug":"llamado-a-concursos-docentes-4","status":"publish","type":"post","link":"https:\/\/www.fhycs.unam.edu.ar\/portada\/llamado-a-concursos-docentes-4\/","title":{"rendered":"LLAMADO A CONCURSOS DOCENTES"},"content":{"rendered":"<p><strong>LA FACULTAD DE HUMANIDADES Y CIENCIAS SOCIALES DE LA U.N<\/strong><strong>a<\/strong><strong>.M.<\/strong><\/p>\n<p><strong>LLAMA A CONCURSOS P\u00daBLICOS Y ABIERTOS, DE ANTECEDENTES Y OPOSICI\u00d3N PARA LA COBERTURA DE CARGOS DOCENTES<\/strong><\/p>\n<table width=\"106%\">\n<thead>\n<tr>\n<td width=\"4%\"><strong>N\u00b0<\/strong><\/td>\n<td width=\"24%\"><strong>CARGO<\/strong><\/td>\n<td width=\"26%\"><strong>ASIGNATURA<\/strong><\/td>\n<td width=\"27%\">\n<h3>CARRERA<\/h3>\n<\/td>\n<td width=\"17%\">\n<h3>PLAZO DE INSCRIPCION<\/h3>\n<\/td>\n<\/tr>\n<tr>\n<td width=\"4%\"><strong>\u00a0<\/strong><\/p>\n<p><strong>1<\/strong><\/td>\n<td width=\"24%\"><strong>PROFESOR\/A<\/strong><\/p>\n<p><strong>JEFE\u00a0 DE TRABAJOS PR\u00c1CTICOS<\/strong><\/p>\n<p><strong>Dedicaci\u00f3n Simple<\/strong><\/p>\n<p><strong>(1 cargo)<\/strong><\/td>\n<td width=\"26%\"><strong>\u00a0<\/strong><\/p>\n<p><strong>DESARROLLO HISTORICO DE LA TEOR\u00cdA ANTROPOL\u00d3GICA<\/strong><\/p>\n<p>(Anual)<\/p>\n<p><a href=\"https:\/\/www.fhycs.unam.edu.ar\/portada\/wp-content\/uploads\/2023\/11\/Reso-411-Desarrollo-Historico-de-la-Teoria-Antropologica-JTP_0001.pdf\" target=\"_blank\" rel=\"noopener\">Resoluci\u00f3n C.D. N\u00ba 411\/23<\/a><\/p>\n<p>&nbsp;<\/p>\n<p>&nbsp;<\/td>\n<td width=\"27%\">\u00b7\u00a0 Licenciatura en Antropolog\u00eda Social<\/p>\n<p>&nbsp;<\/td>\n<td width=\"17%\">\n<h3>Desde: 21\/11\/23<\/h3>\n<h3>Hasta: 12\/12\/23<\/h3>\n<\/td>\n<\/tr>\n<tr>\n<td width=\"4%\"><strong>\u00a0<\/strong><\/p>\n<p><strong>2<\/strong><\/td>\n<td width=\"24%\"><strong>\u00a0<\/strong><\/p>\n<p><strong>PROFESOR\/A<\/strong><\/p>\n<p><strong>JEFE\u00a0 DE TRABAJOS PR\u00c1CTICOS<\/strong><\/p>\n<p><strong>Dedicaci\u00f3n Simple<\/strong><\/p>\n<p><strong>(1 cargo)<\/strong><\/td>\n<td width=\"26%\"><strong>\u00a0<\/strong><\/p>\n<p><strong>SERVICIOS TURISTICOS III<\/strong><\/p>\n<p><strong>(Anual)<\/strong><\/p>\n<p><a href=\"https:\/\/www.fhycs.unam.edu.ar\/portada\/wp-content\/uploads\/2023\/11\/Reso-404-Servicios-turisticos-III-JTP_0001.pdf\" target=\"_blank\" rel=\"noopener\">Resoluci\u00f3n C.D. N\u00ba\u00a0 404\/23<\/a><\/p>\n<p><strong>\u00a0<\/strong><\/td>\n<td width=\"27%\">\u00b7\u00a0 Licenciatura en Turismo<\/td>\n<td width=\"17%\">\n<h3>Desde: 22\/11\/23<\/h3>\n<h3>Hasta: 13\/12\/23<\/h3>\n<\/td>\n<\/tr>\n<\/thead>\n<\/table>\n<p><strong>\u00a0<\/strong><\/p>\n<p><strong>INFORMES E INSCRIPCI\u00d3N PRESENCIALES<\/strong>: \u00c1rea de Concursos Docentes \u2013 Secretar\u00eda Acad\u00e9mica Adjunta, 1er Piso &#8211; Facultad de Humanidades y Ciencias Sociales &#8211; U.Na.M. &#8211; Calle Tucum\u00e1n N\u00ba 1946 \u2013 Posadas &#8211; Misiones.<\/p>\n<p><strong>CONSULTAS AL CORREO ELECTR\u00d3NICO<\/strong>: <a href=\"mailto:concursosdocentes@fhycs.unam.edu.ar\">concursosdocentes@fhycs.unam.edu.ar<\/a><\/p>\n<p><strong>HORARIO DE INFORMES E <\/strong>\u00a0<strong>INSCRIPCI\u00d3N PRESENCIALES<\/strong>: Lunes a Viernes de <strong>07:00 a 11:00 hs<\/strong>.<\/p>\n<p><strong>REQUISITOS<\/strong>: Poseer T\u00edtulo de Grado Universitario; Acreditar Formaci\u00f3n y labor en Docencia Universitaria, de acuerdo al cargo concursado (Art\u00edculos 9\u00ba al 11\u00ba de la Ordenanza CS N\u00ba 082\/17 y Art\u00edculo 5\u00ba, de la Ordenanza CS N\u00ba 084\/21) y requisitos de Perfil, estipulados en cada llamado a concurso.<\/p>\n<p>P\u00e1gina Web http\/\/www.fhycs.unam.edu.ar \u2013 T.E. 4434344 \u2013 Interno 112.<\/p>\n<iframe src=\"\/\/docs.google.com\/viewer?url=https%3A%2F%2Fwww.fhycs.unam.edu.ar%2Fportada%2Fwp-content%2Fuploads%2F2023%2F11%2FDispo-2354_0001.pdf&hl=es&embedded=true\" class=\"gde-frame\" style=\"width:100%; height:500px; border: none;\" scrolling=\"no\"><\/iframe>\n<p class=\"gde-text\"><a href=\"https:\/\/www.fhycs.unam.edu.ar\/portada\/wp-content\/uploads\/2023\/11\/Dispo-2354_0001.pdf\" class=\"gde-link\">Descargar (PDF, Desconocido)<\/a><\/p>\n","protected":false},"excerpt":{"rendered":"<p>LA FACULTAD DE HUMANIDADES Y CIENCIAS SOCIALES DE LA U.Na.M. LLAMA A CONCURSOS P\u00daBLICOS Y ABIERTOS, DE ANTECEDENTES Y OPOSICI\u00d3N PARA LA COBERTURA DE CARGOS DOCENTES N\u00b0 CARGO ASIGNATURA CARRERA PLAZO DE INSCRIPCION \u00a0 1 PROFESOR\/A JEFE\u00a0 DE TRABAJOS PR\u00c1CTICOS Dedicaci\u00f3n Simple (1 cargo) \u00a0 DESARROLLO HISTORICO DE LA TEOR\u00cdA ANTROPOL\u00d3GICA (Anual) Resoluci\u00f3n C.D. N\u00ba [&hellip;]<\/p>\n","protected":false},"author":10,"featured_media":18202,"comment_status":"open","ping_status":"closed","sticky":false,"template":"","format":"standard","meta":{"extendify_custom_stylesheet":""},"categories":[108],"tags":[5817,5,5770,5818],"_links":{"self":[{"href":"https:\/\/www.fhycs.unam.edu.ar\/portada\/wp-json\/wp\/v2\/posts\/36926"}],"collection":[{"href":"https:\/\/www.fhycs.unam.edu.ar\/portada\/wp-json\/wp\/v2\/posts"}],"about":[{"href":"https:\/\/www.fhycs.unam.edu.ar\/portada\/wp-json\/wp\/v2\/types\/post"}],"author":[{"embeddable":true,"href":"https:\/\/www.fhycs.unam.edu.ar\/portada\/wp-json\/wp\/v2\/users\/10"}],"replies":[{"embeddable":true,"href":"https:\/\/www.fhycs.unam.edu.ar\/portada\/wp-json\/wp\/v2\/comments?post=36926"}],"version-history":[{"count":1,"href":"https:\/\/www.fhycs.unam.edu.ar\/portada\/wp-json\/wp\/v2\/posts\/36926\/revisions"}],"predecessor-version":[{"id":36930,"href":"https:\/\/www.fhycs.unam.edu.ar\/portada\/wp-json\/wp\/v2\/posts\/36926\/revisions\/36930"}],"wp:featuredmedia":[{"embeddable":true,"href":"https:\/\/www.fhycs.unam.edu.ar\/portada\/wp-json\/wp\/v2\/media\/18202"}],"wp:attachment":[{"href":"https:\/\/www.fhycs.unam.edu.ar\/portada\/wp-json\/wp\/v2\/media?parent=36926"}],"wp:term":[{"taxonomy":"category","embeddable":true,"href":"https:\/\/www.fhycs.unam.edu.ar\/portada\/wp-json\/wp\/v2\/categories?post=36926"},{"taxonomy":"post_tag","embeddable":true,"href":"https:\/\/www.fhycs.unam.edu.ar\/portada\/wp-json\/wp\/v2\/tags?post=36926"}],"curies":[{"name":"wp","href":"https:\/\/api.w.org\/{rel}","templated":true}]}}