{"id":37456,"date":"2024-04-05T08:45:23","date_gmt":"2024-04-05T11:45:23","guid":{"rendered":"https:\/\/www.fhycs.unam.edu.ar\/portada\/?p=37456"},"modified":"2024-04-05T08:45:23","modified_gmt":"2024-04-05T11:45:23","slug":"convocatoria-para-la-presentacion-de-proyectos-de-postitulos-docentes","status":"publish","type":"post","link":"https:\/\/www.fhycs.unam.edu.ar\/portada\/convocatoria-para-la-presentacion-de-proyectos-de-postitulos-docentes\/","title":{"rendered":"Convocatoria para la presentaci\u00f3n de proyectos de post\u00edtulos docentes"},"content":{"rendered":"<p><img loading=\"lazy\" class=\"size-medium wp-image-37457 alignleft\" src=\"https:\/\/www.fhycs.unam.edu.ar\/portada\/wp-content\/uploads\/2024\/04\/postitulos-300x300.jpeg\" alt=\"\" width=\"300\" height=\"300\" srcset=\"https:\/\/www.fhycs.unam.edu.ar\/portada\/wp-content\/uploads\/2024\/04\/postitulos-300x300.jpeg 300w, https:\/\/www.fhycs.unam.edu.ar\/portada\/wp-content\/uploads\/2024\/04\/postitulos-1024x1024.jpeg 1024w, https:\/\/www.fhycs.unam.edu.ar\/portada\/wp-content\/uploads\/2024\/04\/postitulos-150x150.jpeg 150w, https:\/\/www.fhycs.unam.edu.ar\/portada\/wp-content\/uploads\/2024\/04\/postitulos-768x768.jpeg 768w, https:\/\/www.fhycs.unam.edu.ar\/portada\/wp-content\/uploads\/2024\/04\/postitulos.jpeg 1080w\" sizes=\"(max-width: 300px) 100vw, 300px\" \/><\/p>\n<p>Se encuentra abierta la primera convocatoria del a\u00f1o para la presentaci\u00f3n de Proyectos de Post\u00edtulos Docentes, desde el <strong>mi\u00e9rcoles 3 de abril hasta el viernes 19 de abril inclusive<\/strong>.<!--more--><\/p>\n<p>El periodo de evaluaci\u00f3n correspondiente ser\u00e1 desde el lunes 22 de abril al 3 de mayo inclusive.<\/p>\n<p>La reprogramaci\u00f3n de las fechas se debe a una adecuaci\u00f3n del calendario de Post\u00edtulos, recientemente aprobado por Resol. HCD N\u00ba 062\/2024.<\/p>\n<p>En la segunda parte del a\u00f1o se abrir\u00e1 otra convocatoria, que se informar\u00e1 oportunamente.<\/p>\n<p>Ante cualquier duda o consulta sobre este tema pueden comunicarse al correo electr\u00f3nico: dirpostitulosfhycs@gmail.com<\/p>\n<p>Recordamos el horario de atenci\u00f3n en el departamento de Post\u00edtulos de lunes a viernes de 8.00 a 19.00 horas ubicado en calle Col\u00f3n 2368 -PB-.<\/p>\n","protected":false},"excerpt":{"rendered":"<p>Se encuentra abierta la primera convocatoria del a\u00f1o para la presentaci\u00f3n de Proyectos de Post\u00edtulos Docentes, desde el mi\u00e9rcoles 3 de abril hasta el viernes 19 de abril inclusive.<\/p>\n","protected":false},"author":10,"featured_media":0,"comment_status":"open","ping_status":"closed","sticky":false,"template":"","format":"standard","meta":{"extendify_custom_stylesheet":""},"categories":[1],"tags":[5868,5],"_links":{"self":[{"href":"https:\/\/www.fhycs.unam.edu.ar\/portada\/wp-json\/wp\/v2\/posts\/37456"}],"collection":[{"href":"https:\/\/www.fhycs.unam.edu.ar\/portada\/wp-json\/wp\/v2\/posts"}],"about":[{"href":"https:\/\/www.fhycs.unam.edu.ar\/portada\/wp-json\/wp\/v2\/types\/post"}],"author":[{"embeddable":true,"href":"https:\/\/www.fhycs.unam.edu.ar\/portada\/wp-json\/wp\/v2\/users\/10"}],"replies":[{"embeddable":true,"href":"https:\/\/www.fhycs.unam.edu.ar\/portada\/wp-json\/wp\/v2\/comments?post=37456"}],"version-history":[{"count":1,"href":"https:\/\/www.fhycs.unam.edu.ar\/portada\/wp-json\/wp\/v2\/posts\/37456\/revisions"}],"predecessor-version":[{"id":37458,"href":"https:\/\/www.fhycs.unam.edu.ar\/portada\/wp-json\/wp\/v2\/posts\/37456\/revisions\/37458"}],"wp:attachment":[{"href":"https:\/\/www.fhycs.unam.edu.ar\/portada\/wp-json\/wp\/v2\/media?parent=37456"}],"wp:term":[{"taxonomy":"category","embeddable":true,"href":"https:\/\/www.fhycs.unam.edu.ar\/portada\/wp-json\/wp\/v2\/categories?post=37456"},{"taxonomy":"post_tag","embeddable":true,"href":"https:\/\/www.fhycs.unam.edu.ar\/portada\/wp-json\/wp\/v2\/tags?post=37456"}],"curies":[{"name":"wp","href":"https:\/\/api.w.org\/{rel}","templated":true}]}}