{"id":37599,"date":"2024-04-30T08:51:37","date_gmt":"2024-04-30T11:51:37","guid":{"rendered":"https:\/\/www.fhycs.unam.edu.ar\/portada\/?p=37599"},"modified":"2024-05-06T09:43:19","modified_gmt":"2024-05-06T12:43:19","slug":"1o-de-mayo-marcha-en-defensa-de-la-educacion-publica","status":"publish","type":"post","link":"https:\/\/www.fhycs.unam.edu.ar\/portada\/1o-de-mayo-marcha-en-defensa-de-la-educacion-publica\/","title":{"rendered":"1\u00ba de mayo: marcha en defensa de la educaci\u00f3n p\u00fablica"},"content":{"rendered":"<p><img loading=\"lazy\" class=\"size-medium wp-image-37601 alignleft\" src=\"https:\/\/www.fhycs.unam.edu.ar\/portada\/wp-content\/uploads\/2024\/04\/1ro-d-mayo-300x300.jpeg\" alt=\"\" width=\"300\" height=\"300\" srcset=\"https:\/\/www.fhycs.unam.edu.ar\/portada\/wp-content\/uploads\/2024\/04\/1ro-d-mayo-300x300.jpeg 300w, https:\/\/www.fhycs.unam.edu.ar\/portada\/wp-content\/uploads\/2024\/04\/1ro-d-mayo-150x150.jpeg 150w, https:\/\/www.fhycs.unam.edu.ar\/portada\/wp-content\/uploads\/2024\/04\/1ro-d-mayo.jpeg 720w\" sizes=\"(max-width: 300px) 100vw, 300px\" \/><\/p>\n<p>Este mi\u00e9rcoles 1\u00ba de mayo seguimos marchando en defensa de la Educaci\u00f3n P\u00fablica.<!--more--><\/p>\n<p>El punto de concentraci\u00f3n de la comunidad universitaria ser\u00e1 la Facultad de Humanidades y Ciencias Sociales, por calle Tucum\u00e1n 1946, a las 9 horas, para marchar junto al movimiento obrero y participar en el acto de la plaza 9 de Julio.<\/p>\n<p>Unidos por la Educaci\u00f3n P\u00fablica y por los derechos de trabajadores y trabajadoras, nos convocamos para decir NO al ajuste, con la consigna: &#8220;la Patria no se vende&#8221;.<\/p>\n","protected":false},"excerpt":{"rendered":"<p>Este mi\u00e9rcoles 1\u00ba de mayo seguimos marchando en defensa de la Educaci\u00f3n P\u00fablica.<\/p>\n","protected":false},"author":10,"featured_media":0,"comment_status":"open","ping_status":"closed","sticky":false,"template":"","format":"standard","meta":{"extendify_custom_stylesheet":""},"categories":[4655],"tags":[5881],"_links":{"self":[{"href":"https:\/\/www.fhycs.unam.edu.ar\/portada\/wp-json\/wp\/v2\/posts\/37599"}],"collection":[{"href":"https:\/\/www.fhycs.unam.edu.ar\/portada\/wp-json\/wp\/v2\/posts"}],"about":[{"href":"https:\/\/www.fhycs.unam.edu.ar\/portada\/wp-json\/wp\/v2\/types\/post"}],"author":[{"embeddable":true,"href":"https:\/\/www.fhycs.unam.edu.ar\/portada\/wp-json\/wp\/v2\/users\/10"}],"replies":[{"embeddable":true,"href":"https:\/\/www.fhycs.unam.edu.ar\/portada\/wp-json\/wp\/v2\/comments?post=37599"}],"version-history":[{"count":2,"href":"https:\/\/www.fhycs.unam.edu.ar\/portada\/wp-json\/wp\/v2\/posts\/37599\/revisions"}],"predecessor-version":[{"id":37603,"href":"https:\/\/www.fhycs.unam.edu.ar\/portada\/wp-json\/wp\/v2\/posts\/37599\/revisions\/37603"}],"wp:attachment":[{"href":"https:\/\/www.fhycs.unam.edu.ar\/portada\/wp-json\/wp\/v2\/media?parent=37599"}],"wp:term":[{"taxonomy":"category","embeddable":true,"href":"https:\/\/www.fhycs.unam.edu.ar\/portada\/wp-json\/wp\/v2\/categories?post=37599"},{"taxonomy":"post_tag","embeddable":true,"href":"https:\/\/www.fhycs.unam.edu.ar\/portada\/wp-json\/wp\/v2\/tags?post=37599"}],"curies":[{"name":"wp","href":"https:\/\/api.w.org\/{rel}","templated":true}]}}