{"id":38065,"date":"2024-07-30T13:40:56","date_gmt":"2024-07-30T16:40:56","guid":{"rendered":"https:\/\/www.fhycs.unam.edu.ar\/portada\/?p=38065"},"modified":"2024-08-01T11:23:51","modified_gmt":"2024-08-01T14:23:51","slug":"prorroga-para-presentacion-de-propuestas-de-grupos-de-trabajo-a-las-jornadas-de-investigacion-2024","status":"publish","type":"post","link":"https:\/\/www.fhycs.unam.edu.ar\/portada\/prorroga-para-presentacion-de-propuestas-de-grupos-de-trabajo-a-las-jornadas-de-investigacion-2024\/","title":{"rendered":"Pr\u00f3rroga para presentaci\u00f3n de propuestas de Grupos de Trabajo a las Jornadas de Investigaci\u00f3n 2024"},"content":{"rendered":"<p><img loading=\"lazy\" class=\"size-medium wp-image-38066 alignleft\" src=\"https:\/\/www.fhycs.unam.edu.ar\/portada\/wp-content\/uploads\/2024\/07\/Jornadas-Investigadores-Prorroga-GTs-300x300.jpeg\" alt=\"\" width=\"300\" height=\"300\" srcset=\"https:\/\/www.fhycs.unam.edu.ar\/portada\/wp-content\/uploads\/2024\/07\/Jornadas-Investigadores-Prorroga-GTs-300x300.jpeg 300w, https:\/\/www.fhycs.unam.edu.ar\/portada\/wp-content\/uploads\/2024\/07\/Jornadas-Investigadores-Prorroga-GTs-150x150.jpeg 150w, https:\/\/www.fhycs.unam.edu.ar\/portada\/wp-content\/uploads\/2024\/07\/Jornadas-Investigadores-Prorroga-GTs.jpeg 704w\" sizes=\"(max-width: 300px) 100vw, 300px\" \/>Se extiende hasta el <strong>jueves 8 de agosto<\/strong> la fecha para presentaci\u00f3n de propuestas de Grupos de Trabajo (GT) a las <strong>Jornadas de Investigaci\u00f3n- 2024.<\/strong><!--more--><\/p>\n<p>Bajo el lema \u201cLa producci\u00f3n de conocimientos desde las Ciencias Sociales y Humanas, desaf\u00edos en la Argentina contempor\u00e1nea\u201d, las Jornadas se desarrollar\u00e1n el 24 y 25 de octubre en la Facultad de Humanidades y Ciencias Sociales de la Universidad Nacional de Misiones.<\/p>\n<p>&nbsp;<\/p>\n<p><strong>\u00bfQu\u00e9 es un Grupo de trabajo?\u00a0\u00a0\u00a0\u00a0<\/strong><\/p>\n<p>Se trata del encuentro de investigadores\/as y becarios\/as que trabajan sobre una de las tem\u00e1ticas registradas en la Secretar\u00eda de Investigaci\u00f3n-FHyCS. El encuentro es coordinado por investigadores\/as y cuenta con comentaristas invitados. Es un espacio en el cual se exponen y discuten diferentes trabajos.<\/p>\n<p>En el caso de las Jornadas de Investigaci\u00f3n-2024, se espera que al finalizar las discusiones, el Grupo reflexione de manera general sobre el estado de la cuesti\u00f3n en su \u00e1rea tem\u00e1tica (avances, problem\u00e1ticas, alcance) y proponga una agenda de encuentros para el a\u00f1o 2025.<\/p>\n<p>&nbsp;<\/p>\n<p><strong>Requisitos presentaci\u00f3n de GT:<\/strong><\/p>\n<p>Las propuestas de Grupos de Trabajo deben estar relacionadas con los Ejes Tem\u00e1ticos de Investigaci\u00f3n de la SI (ver ejes de investigaci\u00f3n)<\/p>\n<p>El documento debe contener: eje tem\u00e1tico en el que se incluye, t\u00edtulo del GT, resumen (400 palabras) y 4 palabras clave.<\/p>\n<p>El resumen debe contemplar la tem\u00e1tica, la fundamentaci\u00f3n, el objetivo general de la propuesta. Adem\u00e1s, el nombre de los coordinadores y comentaristas<\/p>\n<p>Los Grupos de Trabajo contar\u00e1n con hasta dos Coordinadores y hasta dos Comentaristas. En la propuesta deben consignarse los nombres, apellidos, pertenencia institucional y correo electr\u00f3nico.<\/p>\n<p>&nbsp;<\/p>\n<p><strong>Los Coordinadores de los Grupos de Trabajo tendr\u00e1n las siguientes responsabilidades:<\/strong><\/p>\n<p>* Promover y difundir el GT<\/p>\n<p>* Recibir y evaluar los res\u00famenes extendidos<\/p>\n<p>* Mantener la comunicaci\u00f3n con los ponentes<\/p>\n<p>* Comunicar a los ponentes la aceptaci\u00f3n o no de res\u00famenes extendidos,<\/p>\n<p>* Organizar el funcionamiento y la din\u00e1mica de la mesa<\/p>\n<p>* Seleccionar los comentaristas e incorporarlos a su mesa.<\/p>\n<p>&nbsp;<\/p>\n<p><strong>Las propuestas deben ser enviadas a:<\/strong> <a href=\"mailto:difusion.sinvyp@gmail.com\">difusion.sinvyp@gmail.com<\/a><\/p>\n<p>&nbsp;<\/p>\n<p><strong>Ejes tem\u00e1ticos de investigaci\u00f3n:<\/strong><\/p>\n<ol>\n<li>Educaci\u00f3n<\/li>\n<li>Medios y comunicaci\u00f3n<\/li>\n<li>Semi\u00f3tica<\/li>\n<li>Letras- estudios socioling\u00fc\u00edsticos<\/li>\n<li>Patrimonio<\/li>\n<li>Estudios rurales<\/li>\n<li>G\u00e9nero<\/li>\n<li>Ni\u00f1eces \u2013 j\u00f3venes<\/li>\n<li>Pol\u00edticas p\u00fablicas<\/li>\n<li>Salud<\/li>\n<li>Bibliotecolog\u00eda y Ciencia de la Informaci\u00f3n<\/li>\n<li>Pueblos ind\u00edgenas<\/li>\n<li>Econom\u00eda<\/li>\n<li>Pol\u00edtica \u2013 Movimientos Sociales<\/li>\n<li>Frontera<\/li>\n<li>Turismo<\/li>\n<li>Deporte<\/li>\n<li>Historia<\/li>\n<li>Antropolog\u00eda<\/li>\n<li>Ciudades, desigualdades urbanas y h\u00e1bitat popular<\/li>\n<\/ol>\n","protected":false},"excerpt":{"rendered":"<p>Se extiende hasta el jueves 8 de agosto la fecha para presentaci\u00f3n de propuestas de Grupos de Trabajo (GT) a las Jornadas de Investigaci\u00f3n- 2024.<\/p>\n","protected":false},"author":6,"featured_media":38066,"comment_status":"open","ping_status":"closed","sticky":false,"template":"","format":"standard","meta":{"extendify_custom_stylesheet":""},"categories":[36,794],"tags":[5,833,1324,5670],"_links":{"self":[{"href":"https:\/\/www.fhycs.unam.edu.ar\/portada\/wp-json\/wp\/v2\/posts\/38065"}],"collection":[{"href":"https:\/\/www.fhycs.unam.edu.ar\/portada\/wp-json\/wp\/v2\/posts"}],"about":[{"href":"https:\/\/www.fhycs.unam.edu.ar\/portada\/wp-json\/wp\/v2\/types\/post"}],"author":[{"embeddable":true,"href":"https:\/\/www.fhycs.unam.edu.ar\/portada\/wp-json\/wp\/v2\/users\/6"}],"replies":[{"embeddable":true,"href":"https:\/\/www.fhycs.unam.edu.ar\/portada\/wp-json\/wp\/v2\/comments?post=38065"}],"version-history":[{"count":3,"href":"https:\/\/www.fhycs.unam.edu.ar\/portada\/wp-json\/wp\/v2\/posts\/38065\/revisions"}],"predecessor-version":[{"id":38077,"href":"https:\/\/www.fhycs.unam.edu.ar\/portada\/wp-json\/wp\/v2\/posts\/38065\/revisions\/38077"}],"wp:featuredmedia":[{"embeddable":true,"href":"https:\/\/www.fhycs.unam.edu.ar\/portada\/wp-json\/wp\/v2\/media\/38066"}],"wp:attachment":[{"href":"https:\/\/www.fhycs.unam.edu.ar\/portada\/wp-json\/wp\/v2\/media?parent=38065"}],"wp:term":[{"taxonomy":"category","embeddable":true,"href":"https:\/\/www.fhycs.unam.edu.ar\/portada\/wp-json\/wp\/v2\/categories?post=38065"},{"taxonomy":"post_tag","embeddable":true,"href":"https:\/\/www.fhycs.unam.edu.ar\/portada\/wp-json\/wp\/v2\/tags?post=38065"}],"curies":[{"name":"wp","href":"https:\/\/api.w.org\/{rel}","templated":true}]}}