{"id":38089,"date":"2024-08-06T08:43:08","date_gmt":"2024-08-06T11:43:08","guid":{"rendered":"https:\/\/www.fhycs.unam.edu.ar\/portada\/?p=38089"},"modified":"2024-08-06T08:43:08","modified_gmt":"2024-08-06T11:43:08","slug":"acto-de-reparacion-historica-en-la-universidad-nacional-de-misiones","status":"publish","type":"post","link":"https:\/\/www.fhycs.unam.edu.ar\/portada\/acto-de-reparacion-historica-en-la-universidad-nacional-de-misiones\/","title":{"rendered":"Acto de\u00a0 Reparaci\u00f3n Hist\u00f3rica en la Universidad Nacional de Misiones"},"content":{"rendered":"<p><img loading=\"lazy\" class=\"alignnone size-medium wp-image-30664\" src=\"https:\/\/www.fhycs.unam.edu.ar\/portada\/wp-content\/uploads\/2021\/03\/Manifiesto-24M2019-12-300x169.jpeg\" alt=\"\" width=\"300\" height=\"169\" srcset=\"https:\/\/www.fhycs.unam.edu.ar\/portada\/wp-content\/uploads\/2021\/03\/Manifiesto-24M2019-12-300x169.jpeg 300w, https:\/\/www.fhycs.unam.edu.ar\/portada\/wp-content\/uploads\/2021\/03\/Manifiesto-24M2019-12-768x432.jpeg 768w, https:\/\/www.fhycs.unam.edu.ar\/portada\/wp-content\/uploads\/2021\/03\/Manifiesto-24M2019-12-1024x576.jpeg 1024w, https:\/\/www.fhycs.unam.edu.ar\/portada\/wp-content\/uploads\/2021\/03\/Manifiesto-24M2019-12.jpeg 1058w\" sizes=\"(max-width: 300px) 100vw, 300px\" \/><\/p>\n<p>-Javier Gortari-<a href=\"#_ftn1\" name=\"_ftnref1\">[1]<\/a><\/p>\n<p>En el mes de marzo del a\u00f1o 2023, y en el marco conmemorativo por los 40 a\u00f1os de la recuperaci\u00f3n de la democracia en la Rep\u00fablica Argentina y\u00a0 de celebrarse el 50 aniversario de creaci\u00f3n de la Universidad Nacional de Misiones (UNaM), el Consejo Superior aprob\u00f3 por unanimidad la resoluci\u00f3n que reconoce a 60 v\u00edctimas institucionales de la represi\u00f3n durante la \u00faltima dictadura c\u00edvico militar (1976\/83). El instrumento\u00a0 reparatorio incluy\u00f3 a docentes, nodocentes, estudiantes y graduados\/as de la UNaM: perseguidos\/as, cesanteados\/as, expulsados\/as, encarcelados\/as, secuestrados\/as, as\u00ed como a aquellos que permanecen desaparecidos (un docente y un estudiante)\u00a0 y a quienes fueron torturados y asesinados tras su captura (dos estudiantes y una graduada).\u00a0 Dado el car\u00e1cter clandestino de la mayor\u00eda de\u00a0 las acciones represivas, y el temor\/pudor que padecen v\u00edctimas y familiares ante las potenciales represalias y\/o estigmatizaciones de hacer p\u00fablicos los vej\u00e1menes sufridos, el Consejo Superior consider\u00f3 pertinente dejar abierta la posibilidad de incorporar nuevos casos a ese primer listado de reconocimientos reparatorios.<\/p>\n<p>En su articulado resolutivo el instrumento expresa literalmente:\u00a0 <em>Reconocer de manera excepcional y por \u00fanica vez, en el marco de las conmemoraciones de los 40 a\u00f1os de la recuperaci\u00f3n democr\u00e1tica en la Rep\u00fablica Argentina y el cincuenta aniversario de la UNaM, con las distinciones <strong>Miembro Honorario de la UNaM<\/strong> o\u00a0 <strong>Menci\u00f3n especial \u201cUNaM 50 a\u00f1os\u201d, <\/strong>a integrantes de la comunidad universitaria de Misiones que fueron v\u00edctimas del terrorismo de Estado durante la \u00faltima dictadura c\u00edvico militar.-<\/em><\/p>\n<p>Fue la primera vez que la instituci\u00f3n reconoci\u00f3 formalmente y a trav\u00e9s de su m\u00e1ximo \u00f3rgano de gobierno, que tambi\u00e9n al interior de la Universidad Nacional de Misiones se hab\u00edan violado los derechos humanos. Y que eso involucraba a personas con nombre y apellido de la comunidad universitaria, muchas m\u00e1s de las que eran de conocimiento p\u00fablico por haber sido objeto de causas judiciales y\/o reivindicaciones de organismos\u00a0 de Derechos Humanos. Y eso fue el resultado de un minucioso proceso a lo largo de los 40 a\u00f1os de democracia, con las discontinuidades propias de la pol\u00edtica nacional y su incidencia en la vida universitaria, marcado por hitos puntuales de reconstrucci\u00f3n de la historia de la UNaM, tal como se narra en el documento aprobado. Al final del cual la instituci\u00f3n pudo permitirse reconocer que decisiones tomadas en su \u00e1mbito por el interventor militar de los primeros a\u00f1os de la dictadura y por los rectores civiles que le sucedieron -designados por el Poder Ejecutivo Nacional de ese mismo gobierno genocida-, vulneraron derechos elementales y resultaron funcionales al terrorismo de Estado.<\/p>\n<p>El jueves 8 de junio de 2023 se realiz\u00f3 el acto de entrega de los reconocimientos a v\u00edctimas y familiares, en la Facultad de Humanidades y Ciencias Sociales, con presencia de las autoridades de la UNaM. En la ocasi\u00f3n se ley\u00f3 la respectiva resoluci\u00f3n que ac\u00e1 reproducimos:<\/p>\n<p>&nbsp;<\/p>\n<blockquote><p><strong>RESOLUCI\u00d3N CS N\u00ba 025-23 <\/strong><\/p>\n<p>VISTO que en el a\u00f1o 2002 fue instituido el 24 de marzo como D\u00eda Nacional de la Memoria por la Verdad y la Justicia (Ley N\u00ba25.633), con el fin de conmemorar el reconocimiento\u00a0 a las v\u00edctimas de la \u00faltima dictadura c\u00edvico-militar y que en 2006 el Congreso de la Naci\u00f3n estableci\u00f3 ese d\u00eda como feriado nacional inamovible (Ley N\u00ba 26.085) por lo significativo de la fecha; y,<\/p><\/blockquote>\n<p><strong>CONSIDERANDO<\/strong><\/p>\n<p>QUE, en el a\u00f1o 2001 el Consejo Superior de la UNaM estableci\u00f3 que cada a\u00f1o en la sesi\u00f3n realizada en el mes de marzo, se incluir\u00e1 como Primer Punto a tratar,\u00a0 la recordaci\u00f3n de esa fecha, considerando que <em>\u201cla violaci\u00f3n a los derechos humanos que sigui\u00f3 al golpe de estado del 24 de marzo del a\u00f1o 1976 provoc\u00f3 en nuestro cuerpo social, sufrimientos que no toleran el olvido\u201d<\/em>(Resoluci\u00f3n N\u00ba007\/01).<\/p>\n<p>QUE, en dicha Resoluci\u00f3n se reconoce a la UNaM <em>como un \u00e1mbito de formaci\u00f3n ciudadana y ejercicio democr\u00e1tico.<\/em><\/p>\n<p>QUE, en el a\u00f1o 2023 se cumplen 40 a\u00f1os de recuperaci\u00f3n democr\u00e1tica en la Rep\u00fablica Argentina y en ese marco se eligi\u00f3 a\u00a0 nuestro pa\u00eds como sede para la realizaci\u00f3n del III Foro Mundial de Derechos Humanos\u00a0 (CIPDH-UNESCO)<strong>.<\/strong><\/p>\n<p>QUE, en el mismo a\u00f1o la Universidad Nacional de Misiones celebra el 50 aniversario de su creaci\u00f3n.<\/p>\n<p>QUE,\u00a0 la Reforma Constitucional de 1994 incorpor\u00f3 a la Carta Magna en el primer p\u00e1rrafo del Art.N\u00ba36, Cap\u00edtulo Segundo, Nuevos derechos y garant\u00edas, lo siguiente: <em>\u201cEsta Constituci\u00f3n mantendr\u00e1 su imperio aun cuando se interrumpiere su observancia por actos de fuerza contra el orden institucional y el sistema democr\u00e1tico. Estos actos ser\u00e1n insanablemente nulos\u201d.<\/em><\/p>\n<p>QUE, la Universidad Nacional de Misiones incluy\u00f3 en su estatuto como derechos y garant\u00edas fundamentales de sus miembros<em>el respeto\u00a0 irrestricto por los Derechos Humanos<\/em> (Titulo II, inc.a).<\/p>\n<p>QUE, la Ordenanza N\u00ba 054\/16 del Consejo Superior de la UNaM, establece entre las causales de Juicio Acad\u00e9mico (Anexo I, art.n\u00ba3, inc.\u201cf\u201d): <em>Incurrir en conductas que atenten contra la institucionalidad democr\u00e1tica. Se entender\u00e1 por falta de conducta democr\u00e1tica y constitucional, toda conducta presente o pasada que con car\u00e1cter enunciativo se enumera a continuaci\u00f3n: <\/em><\/p>\n<p><em>.Violaci\u00f3n de las normas prescriptas en la Constituci\u00f3n Nacional.<\/em><\/p>\n<p><em>.Persecuci\u00f3n, violencia o discriminaci\u00f3n de cualquier persona f\u00edsica o jur\u00eddica por razones pol\u00edticas, gremiales, de g\u00e9nero, orientaci\u00f3n sexual, estado civil, edad, nacionalidad, raza, \u00e9tnicas, religiosas, ideol\u00f3gicas, aspecto f\u00edsico y\/o discapacidad.<\/em><\/p>\n<p><em>.Incumplimiento de los deberes de funcionario p\u00fablico con sentencia judicial firme.<\/em><\/p>\n<p><em>.Haber participado en cualquier acto que constituye una violaci\u00f3n de los derechos humanos<\/em><\/p>\n<p>&nbsp;<\/p>\n<p>QUE, en el a\u00f1o 2018 el Consejo Interuniversitario Nacional (CIN) autoriz\u00f3 el funcionamiento de la Red Interuniversitaria de Derechos Humanos (RIDH), desde la que todo el sistema universitario p\u00fablico coordina actividades con el prop\u00f3sito de promover la formaci\u00f3n, extensi\u00f3n e investigaci\u00f3n en Derechos Humanos.<\/p>\n<p>&nbsp;<\/p>\n<p>QUE, por decisi\u00f3n rectoral la UNaM se integr\u00f3 a la RIDH desde sus inicios, participando de sus actividades y formando parte de su Comisi\u00f3n Ejecutiva en representaci\u00f3n del CPRES NEA hasta la fecha.<\/p>\n<p>QUE, producto de esas acciones se han realizado dos congresos sobre Educaci\u00f3n Superior y Derechos Humanos (Universidad Aut\u00f3noma de Entre R\u00edos \u2013UADER-, Paran\u00e1, 2018 y Universidad Nacional de La Plata \u2013UNLP-, La Plata, 2022) y un Conversatorio Virtual en pandemia (2020), public\u00e1ndose los respectivos trabajos en libros PDF de acceso libre en las editoriales universitarias de la UADER y de la UNLP.<\/p>\n<p>QUE, el CIN aprob\u00f3 el 13 de abril del 2022 por Acuerdo Plenario el documento de apoyo a la curricularizaci\u00f3n transversal de los Derechos Humanos en planes de estudio y cursos de ingreso de las universidades nacionales.<\/p>\n<p>QUE, asimismo el CIN declar\u00f3 de inter\u00e9s institucional el seminario virtual de Posgrado para docentes y no docentes universitarios denominado <em>Derechos Humanos: Fundamentos y Perspectivas<\/em>, que la RIDH llev\u00f3 adelante en colaboraci\u00f3n con la Secretar\u00eda de Derechos Humanos de la Naci\u00f3n y la Secretar\u00eda de Pol\u00edticas Universitarias, del que ya se han realizado dos cohortes (2021 y 2022) capacit\u00e1ndose a cerca de 1.500 trabajadores de las universidades p\u00fablicas.<\/p>\n<p>QUE, desde la RIDH tambi\u00e9n se han impulsado declaraciones contra hechos de violencia institucional que vulneran los derechos humanos de la ciudadan\u00eda y se han acompa\u00f1ado acciones de desagravio a las v\u00edctimas del terrorismo de Estado como la Reparaci\u00f3n de Legajos de estudiantes y trabajadores de las universidades y de investigadores del CONICET, asesinados o desaparecidos durante la \u00faltima dictadura c\u00edvico militar.<\/p>\n<p>QUE, asimismo el sistema universitario en su conjunto ha promovido iniciativas de apoyo a los procesos de Memoria, Verdad y Justicia, como los Juicios a los responsables de cr\u00edmenes de lesa humanidad en la \u00faltima dictadura c\u00edvico-militar, el Juicio al Estado por su responsabilidad hist\u00f3rica en la masacre de pueblos originarios en Napalp\u00ed (Chaco,1924) y en los fusilamientos a los trabajadores protagonistas de las huelgas en la Patagonia (Santa Cruz, 1921\/22)<\/p>\n<p>QUE, recientemente el Ministerio de Ciencia, Tecnolog\u00eda e Innovaci\u00f3n\u00a0 (MINCYT) habilit\u00f3 una convocatoria en el marco del Programa Nacional de Ciencia Ciudadana en la que se incluy\u00f3 entre los cuatro Ejes Tem\u00e1ticos elegibles el <em>Afianzamiento del proceso de verdad y justicia (pol\u00edticas de memoria, juicios de lesa humanidad), <\/em>con el prop\u00f3sito de apoyar la investigaci\u00f3n universitaria sobre los cr\u00edmenes del terrorismo de Estado cometidos durante el la \u00faltima dictadura c\u00edvico-militar y brindar herramientas de acceso a la justicia a las v\u00edctimas.<\/p>\n<p>QUE, del mismo modo y desde la apertura democr\u00e1tica, la UNaM ha generado acciones tendientes a poner en valor la historia de las v\u00edctimas misioneras del terrorismo de Estado (publicaciones, producciones audiovisuales, actos de homenaje y reconocimientos personales y a familiares)<\/p>\n<p>QUE, en ese sentido la UNaM ha impulsado diversas iniciativas de apoyo a los procesos de Memoria, Verdad y Justicia desarrollados en el \u00e1mbito provincial:\u00a0 Mural\u00a0 y Bosque\u00a0 de la Memoria en el campus, Mural del \u201cNunca M\u00e1s\u201d en la FHyCS, otorgamiento del Doctorado Honoris Causa a la presidenta de <em>Abuelas de Plaza de Mayo<\/em> Estela B.de Carlotto, distinci\u00f3n como <em>Profesor Em\u00e9rito<\/em> de la UNaM a Leopoldo L\u00f3pez Forastier (ex preso pol\u00edtico, ex diputado provincial, ex fiscal de Estado, ex ministro del Superior Tribunal de Justicia y fundador de la APDH de Misiones), c\u00e1tedras libres en DDHH y otras.<\/p>\n<p>QUE, miembros de la comunidad universitaria de la UNaM acompa\u00f1aron al proceso de identificaci\u00f3n y recuperaci\u00f3n de los restos de los estudiantes\u00a0 misioneros v\u00edctimas del terrorismo de Estado: F\u00e9lix Escobar, Mirtha Coutoun\u00e9, Carlos Tereszecuk, Arturo Franzen,\u00a0 Manuel Parodi y Eduardo Juan Jensen; dieron apoyo log\u00edstico en los procesos de sustanciaci\u00f3n de los Juicios por cr\u00edmenes de lesa humanidad en la provincia (entre ellos el realizado por el secuestro y desaparici\u00f3n del ex decano de la Facultad de Ingenier\u00eda Qu\u00edmica \u2013FIQ- ingeniero Alfredo Gonz\u00e1lez);\u00a0 y promovieron actos de reparaci\u00f3n a docentes, no docentes y estudiantes cesanteados y\/o perseguidos pol\u00edticamente.<\/p>\n<p>QUE, en la misma l\u00ednea de reconocimientos, la UNaM design\u00f3 con el nombre de detenidos desaparecidos por la \u00faltima dictadura c\u00edvico militar a las siguientes dependencias institucionales: \u201cIng. Alfredo Gonz\u00e1lez\u201d a la sala de sesiones de Consejo Superior, \u201cJuan Figueredo\u201d al edificio anexo de la FHyCS y\u00a0 \u201cCarlos Tereszecuk\u201d al Aula 1 del Primer Piso de esa Facultad.<\/p>\n<p>QUE, en reconocimiento a sus trayectorias destacadas en defensa de la democracia y los Derechos Humanos, se puso el nombre de <em>\u201cPresidente N\u00e9stor Kirchner\u201d<\/em> al comedor universitario central de Posadas y de \u201c<em>Presidente Ra\u00fal Alfons\u00edn\u201d<\/em> al comedor de la Facultad de Ciencias Econ\u00f3micas en el Campus de Villa Lan\u00fas.<\/p>\n<p>QUE, las autoridades universitarias de la UNaM designadas por la Junta Militar durante la dictadura produjeron instrumentos administrativos cesanteando a docentes y nodocentes por razones pol\u00edticas y tambi\u00e9n expulsando o suspendiendo a estudiantes por id\u00e9nticas causas.<\/p>\n<p>QUE, esa informaci\u00f3n surge de los archivos de la UNaM, del Ministerio de DDHH de la provincia de Misiones, del Archivo General de la Gobernaci\u00f3n de Misiones, del Informe <em>\u201cNunca M\u00e1s\u201d<\/em> de la Comisi\u00f3n Nacional sobre la Desaparici\u00f3n de Personas (CONADEP), Registro Unificado de V\u00edctimas del Terrorismo de Estado(RUVTE, Resoluci\u00f3n N\u00ba 1261\/14 del Ministerio de Justicia y Derechos Humanos),de las testimoniales registradas en los cinco juicios por delitos de lesa humanidad realizados por el Tribunal Oral en lo Criminal Federal de Posadas entre los a\u00f1os 2008 y 2021, del archivo del diario El Territorio\u00a0 y de las investigaciones efectuadas por la ex subsecretaria de DDHH de Misiones Amelia B\u00e1ez (<em>Misiones, Historias con Nombres Propios<\/em>, 3 tomos. Ministerio de Derechos Humanos de Misiones, 2011) y en la tesis doctoral de Jorge Rodr\u00edguez (<em>La Universidad Nacional de Misiones en tiempos de Dictadura 1976-83<\/em>, Editorial Universitaria, UNaM, 2016).<\/p>\n<p>QUE, en el a\u00f1o 2013 y en el marco de las celebraciones por el 40 aniversario de la UNaM se realiz\u00f3 un acto de reparaci\u00f3n distinguiendo a los y las docentes y nodocentes que fueron v\u00edctimas de esas sanciones (Resoluciones\u00a0 N\u00ba 179, 203, 206 y 697 firmadas entre abril y julio de 1976 por el interventor militar en la UNaM, Cnel. Walter C.Ragalli).Entre ellos: Norberto Alay\u00f3n (ex detenido), Ricardo Podest\u00e1, Horacio Belastegui, la ex rectora normalizadora Marta Coronel de Sawaya, Antonio Hodko, Carlos Okada (ex detenido), Marta Palomares, Alfredo Gonz\u00e1lez (detenido desaparecido), F\u00e9lix Tabbia, Juan Quirelli, \u00c1ngel Colman (ex detenido), N\u00e9stor Martino, Aldo P\u00e9rez Miranda, Silvio Liuzzi (ex detenido), Demetrio Romero, Humberto Maffini, Dora De Andrea, Rodolfo Mekekiuk, Exequiel Jensen (ex detenido), Alicia Maskin (ex detenida), Ricardo Ar\u00e9valo, Hugo Artus, Orlando Shuster, Luisa Guzm\u00e1n, Antonio Brousse (ex detenido), Enrique Hassel, Eugenio Dominiko (ex detenido) y Santos Azerrad.<\/p>\n<p>QUE, entre los estudiantes \u201cmarcados\u201d en listas negras por sus antecedentes o expulsados por su activismo pol\u00edtico se destacan la ex presa de la dictadura, ex presidenta de la Asociaci\u00f3n de Familiares de Detenidos Pol\u00edticos de Misiones y luego graduada de la UNaM, Amelia B\u00e1ez (se\u00f1alada con la indicaci\u00f3n de \u201cpoco conveniente continuar\u201d en el Informe Secreto de antecedentes emitido y firmado por el Cnel.Carlos Caggiano Tedesco, del 12\/12\/1977 y dirigido al Rector Ing. Omar A.Bruno. Prueba documental, Causa 15\/08. Registro N\u00ba48 delTribunal Criminal Federal de Posadas.)\u00a0 y el ex perseguido pol\u00edtico y luego exiliado Oscar Mathot (expulsado por Res. N\u00ba 901\/76 firmada por el interventor militar en la UNaM Cnel.Walter C.Ragalli, 26\/08\/76), ambos de reconocidas trayectorias en la defensa de la democracia y la plena vigencia de los derechos humanos en la provincia de Misiones.<\/p>\n<p>QUE, otros tantos activistas de agrupaciones estudiantiles debido a la persecuci\u00f3n pol\u00edtica de que eran objeto, se vieron obligados a dejar de cursar, cambiar de domicilio e incluso mudarse de ciudad o provincia a fin de intentar preservar su libertad y\/o su integridad f\u00edsica.<\/p>\n<p>QUE, no obstante algunos de ellos fueron secuestrados por las fuerzas de seguridad de la dictadura, torturados y asesinados en distintos actos represivos como la masacre de Margarita Bel\u00e9n (13 de diciembre de 1976) y el operativo Toba desarrollado por el ej\u00e9rcito en el \u00e1mbito rural del interior de Misiones durante los meses que siguieron al golpe de estado del 24 de marzo de 1976.<\/p>\n<p>QUE, de esas acciones resultaron muertos y\/o desaparecidos estudiantes que realizaban estudios superiores en Misiones y estaban vinculados a la Juventud Universitaria Peronista (JUP) de la provincia: Juan Figueredo (Instituto Superior del Profesorado, ISP \u2013incorporado a la UNaM en 1974 y luego fusionado en la FHyCS), Juan Mariano Zaremba (FIQ \u2013incorporada a la UNaM en 1974 y luego FCEQyN), Arturo Franzen (FIQ), Manuel Parodi (Instituto Superior \u201cAntonio Ruiz de Montoya\u201d, ISARM), Carlos Tereszecuk (Facultad de Ciencias Sociales, FCS \u2013incorporada a la UNaM en 1974 y luego fusionada en la FHyCS) y Susana Ferreira (Instituto Superior del Profesorado en Disciplinas Est\u00e9ticas \u2013 incorporado a la UNaM en 1974 y luego Facultad de Artes, hoy Facultad de Arte y Dise\u00f1o-).<\/p>\n<p>QUE, tambi\u00e9n fue suspendido de la UNaM (por Res. N\u00ba1458\/76, firmada por el rector F. Flores, 15\/12\/1976) el entonces estudiante An\u00edbal Vel\u00e1zquez (FIQ), invocando el art\u00edculo 1\u00ba de la ley antisubversiva N\u00ba 21.260, quien se encontraba detenido a disposici\u00f3n del Poder Ejecutivo Nacional, permaneciendo como preso pol\u00edtico durante todo el gobierno militar. Una vez en libertad termin\u00f3 su carrera, incorpor\u00e1ndose como profesor en la UNaM y cumpliendo un rol protag\u00f3nico en la organizaci\u00f3n sindical de la Confederaci\u00f3n Nacional de Docentes Universitarios (ADUNAM y CONADU), hasta su lamentable deceso en diciembre del a\u00f1o 2021.<\/p>\n<p>QUE, el Ing. Forestal Juan Domingo Peri\u00e9, ex estudiante de Ingenier\u00eda Forestal en la Universidad Nacional de Santiago del Estero y militante del PRT, fue detenido por razones pol\u00edticas en enero de 1975 en la capital de esa provincia, permaneciendo en cautiverio durante toda la dictadura c\u00edvico-militar. Que una vez en libertad se inscribi\u00f3 en la Facultad de Ciencias Forestales de la UNaM recibi\u00e9ndose en 1989 e incorpor\u00e1ndose a la planta de profesores, destac\u00e1ndose en todo momento por su compromiso con los derechos humanos y la problem\u00e1tica de la preservaci\u00f3n ambiental en la provincia de Misiones.<\/p>\n<p>QUE, \u00c1ngel Fleitas, ex estudiante de Antropolog\u00eda Social en la UNaM, destacado por su integridad personal, su claridad pol\u00edtica, su solidaridad con los m\u00e1s necesitados y que falleciera en enero del 2021 a causa de la pandemia de COVID. Fue fundador y delegado regional por Misiones de la Uni\u00f3n de Estudiantes Secundarios (UES) a principios de los a\u00f1os setenta; en su domicilio de Villa Blosset en Posadas funcionaron los locales de la UES y de la JUP. Fue secuestrado de su casa en septiembre de 1976 y permaneci\u00f3 como preso pol\u00edtico hasta agosto 1979.<\/p>\n<p>QUE, tambi\u00e9n fueron expulsados de la UNaM por razones pol\u00edticas los y las estudiantes Mario Garc\u00eda Lugo y Dar\u00edo Arroyo Ortiz (FIQ); M\u00f3nica Bustos, Alicia Gonz\u00e1lez (ambas de la FCS, secuestradas y torturadas por las fuerzas de seguridad) y Sergio Rossler (ISP) (las expulsiones constan en las Resoluciones N\u00ba 238 del 30\/04\/1976 y N\u00ba 297 del 14\/05\/1976, firmadas por el interventor militar en la UNaM Cnel. Walter C. Ragalli).<\/p>\n<p>QUE, tambi\u00e9n fueron privados de su libertad por las fuerzas represivas de la dictadura c\u00edvico militar los y las siguientes activistas estudiantiles:\u00a0 Mar\u00eda Jos\u00e9 Presa (FCS), Elpidio Gonz\u00e1lez (ISARM), Carlos C.D\u00e1valos (UES, una vez liberado fue estudiante, graduado y docente de la Escuela de Enfermer\u00eda), Alejandro Rodr\u00edguez (ISP, luego graduado en la FHyCS), Jos\u00e9 E. Per\u00f3 (FIQ),\u00a0 Domingo Saucedo (FCS),\u00a0 Mario Coutoun\u00e9 (FIQ, luego graduado y docente de la FCEQyN de la UNaM), Orlando Sicardi (Instituto de Administraci\u00f3n de Empresas \u2013IAE, incorporado a la UNAM en 1974, despu\u00e9s Facultad de Ciencias Econ\u00f3micas, FCE-), Esteban Lozina (UNNE, detenido en Posadas,\u00a0 ya en libertad se gradu\u00f3 y se incorpor\u00f3 como docente a la FHyCS, llegando a cumplir funciones como\u00a0 Secretario del Consejo Superior de la UNaM), Jorge Trainer (UNNE, luego graduado y docente de la FHyCS de la UNaM), Amelia Morgenstern (IAE, quien se incorpor\u00f3 y jubil\u00f3 en la UNaM como correctora de la Editorial Universitaria), Gladys Meza Herrero (UNNE, despu\u00e9s graduada y profesora de la FHyCS de la UNaM), Ra\u00fal Aramendy (IPS, luego de su exilio complet\u00f3 su carrera de Lic. en Ciencias de la Educaci\u00f3n en la UBA, fund\u00f3 y es rector em\u00e9rito de la Multiversidad Popular de Misiones) y Hugo Dedieu (UNNE, apresado en Resistencia y luego estudiante de Periodismo en la FHyCS).<\/p>\n<p>QUE, m\u00e1s all\u00e1 de todos los nombrados y dado el car\u00e1cter ilegal, secreto y compartimentado del accionar represivo durante la dictadura c\u00edvico militar, puede haber otras v\u00edctimas del terrorismo de Estado integrantes de la comunidad universitaria que no aparecen en el listado precedente.<\/p>\n<p>QUE, resulta oportuno y relevante continuar generando acciones en el \u00e1mbito de la UNaM que reafirmen el compromiso institucional con la pluralidad de ideas y el pensamiento cr\u00edtico, el derecho a vivir en paz y libertad, el respeto a los derechos humanos, la justicia social, la igualdad de oportunidades y la educaci\u00f3n p\u00fablica y gratuita garantizada por el Estado como pilar de la democracia y el desarrollo sustentable de nuestro pa\u00eds.<\/p>\n<p>QUE, la Resoluci\u00f3n N\u00ba007\/01 del Consejo Superior considera <em>\u201cque es necesario contribuir a la memoria de los hechos hist\u00f3ricos como condici\u00f3n necesaria para construir nuestras identidades y nutrir una visi\u00f3n de futuro\u201d.<\/em><\/p>\n<p>QUE, en su art\u00edculo resolutivo establece especialmente hacer \u201c<em>un reconocimiento particular a los miembros de la comunidad universitaria que sufrieron la violaci\u00f3n de sus derechos como consecuencia de ese proceso\u201d.<\/em><\/p>\n<p>QUE, a ese objetivo apunta la propuesta de Resoluci\u00f3n presentada ante el Consejo Superior por el representante de la UNaM ante la RIDH, Dr.Javier Gortari, y la presidenta de la Comisi\u00f3n de Derechos Humanos del Consejo Superior, Mg.Mariela Dachary.<\/p>\n<p>QUE, ese proyecto de Resoluci\u00f3n fue respaldado por los gremios docentes UDUM y ADUNAM, y por el sindicato nodocente APUNAM, as\u00ed como por organismos defensores de los Derechos Humanos de Misiones.<\/p>\n<p>QUE, tom\u00f3 intervenci\u00f3n la Direcci\u00f3n de Asuntos Jur\u00eddicos, haciendo las pertinentes observaciones, las que fueron salvadas en la versi\u00f3n definitiva de la propuesta, de modo de que no existen objeciones de car\u00e1cter legal ni formal a lo planteado.<\/p>\n<p>QUE, analizadas las actuaciones en la Comisi\u00f3n de Derechos Humanos, la misma se expidi\u00f3 sobre el tema mediante Despacho N\u00ba 002\/2023, sugiriendo: <em>\u201cApoyar y avalar la propuesta de Resoluci\u00f3n por el 24 de marzo \u2013D\u00eda Nacional de la Memoria por la verdad y la justicia, presentada por el representante de la UNaM en la Red Interuniversitaria de Derechos Humanos RIDH, Dr.Javier Gortari\u201d<\/em>.<\/p>\n<p>QUE, el tema fue tratado y aprobado por unanimidad de los Consejeros participantes en la 1\u00aa\u00a0 Sesi\u00f3n Ordinaria\/2023 del Consejo Superior, efectuada el d\u00eda 29 de marzo de 2023.<\/p>\n<p>Por ello<\/p>\n<p><strong>El CONSEJO SUPERIOR\u00a0 DE LA<\/strong><\/p>\n<p><strong>UNIVERSIDAD NACIONAL DE MISIONES<\/strong><\/p>\n<p><strong>RESUELVE:<\/strong><\/p>\n<p><strong>\u00a0<\/strong><\/p>\n<p><strong>ART\u00cdCULO N\u00ba1.- APOYAR Y AVALAR<\/strong> la propuesta de Resoluci\u00f3n por el 24 de marzo \u2013D\u00eda Nacional de la Memoria por la verdad y la justicia, presentada por el representante de la Universidad Nacional de Misiones (UNaM) en la Red Interuniversitaria de Derechos Humanos (RIDH).-<\/p>\n<p><strong>ART\u00cdCULO N\u00ba2.- RECONOCER<\/strong> de manera excepcional y por \u00fanica vez,en el marco de las conmemoraciones de los 40 a\u00f1os de la recuperaci\u00f3n democr\u00e1tica en la Rep\u00fablica Argentina y el cincuenta aniversario de la UNaM, con las distinciones <strong><em>Miembro Honorario de la UNaM<\/em><\/strong> o\u00a0 <strong><em>Menci\u00f3n especial \u201cUNaM 50 a\u00f1os\u201d, <\/em><\/strong>a integrantes de la comunidad universitaria de Misiones que fueron v\u00edctimas del terrorismo de Estado durante la \u00faltima dictadura c\u00edvico militar.-<\/p>\n<p><strong>ART\u00cdCULO N\u00ba3: RECONOCER<\/strong> al ingeniero Alfredo Gonz\u00e1lez, ex decano de la Facultad de Ingenier\u00eda Qu\u00edmica y detenido desaparecido durante la \u00faltima dictadura c\u00edvico-militar, destacado por su trayectoria acad\u00e9mica, cient\u00edfica y personal, con la distinci\u00f3n\u00a0 <strong>Miembro Honorario (Post Mortem)\u00a0 de la UNaM, <\/strong>v\u00edctima del terrorismo de Estado 1976\/83.-<\/p>\n<p><strong>ART\u00cdCULO N\u00ba4: RECONOCER<\/strong> con la distinci\u00f3n <strong>Miembro Honoraria (Post Mortem)\u00a0 de la UNaM,\u00a0 <\/strong>v\u00edctima del terrorismo de Estado 1976\/83<em>, <\/em>a la licenciada Marta Coronel de Sawaya, graduada de la UNaM y ex rectora normalizadora de la Universidad Nacional de Misiones, depuesta de facto y exonerada por las autoridades universitarias nombradas por la dictadura c\u00edvico militar, luego reincorporada como docente hasta su jubilaci\u00f3n,\u00a0 en cuyo homenaje el Concejo Deliberante de la ciudad de Posadas\u00a0 instituy\u00f3 a partir de 2022 (Ordenanza XIX N\u00ba 24), el premio\u00a0 anual a la trayectoria de mujeres o personasLGTBQI+ destacadas y comprometidas con acciones que promuevan la igualdad de g\u00e9nero.-<\/p>\n<p><em>\u00a0<\/em><\/p>\n<p><strong>ART\u00cdCULO N\u00ba5: RECONOCER<\/strong> al Ingeniero An\u00edbal Vel\u00e1zquez, militante estudiantil suspendido por las autoridades universitarias durante la dictadura militar, ex preso pol\u00edtico, luego recibido de ingeniero qu\u00edmico, incorporado como profesor en la UNaM y destacado sindicalista en la defensa de los derechos de la docencia universitaria, con la distinci\u00f3n \u00a0<strong>Miembro Honorario (Post Mortem)\u00a0 de la UNaM, <\/strong>v\u00edctima del terrorismo de Estado 1976\/83.<\/p>\n<p><strong>ART\u00cdCULO N\u00ba6: RECONOCER<\/strong> al Ing. Forestal Juan D. Peri\u00e9, ex preso pol\u00edtico, luego estudiante, graduado y profesor de la UNaM, destacado por su activismo ambiental y social,\u00a0 con la distinci\u00f3n <strong>Miembro Honorario de la UNaM<\/strong>, v\u00edctima del terrorismo de Estado 1976\/83.-<\/p>\n<p><strong>ART\u00cdCULO N\u00ba7: RECONOCER<\/strong> con la distinci\u00f3n <strong>Miembro Honorario de la UNaM<\/strong>, v\u00edctima del terrorismo de Estado 1976\/83<em>, <\/em>al Lic. Eugenio Dominiko, nodocente exonerado y preso pol\u00edtico durante toda la dictadura c\u00edvico militar, reincorporado en 1984 a la planta administrativa de la UNaM\u00a0 donde alcanz\u00f3 la m\u00e1xima categor\u00eda del escalaf\u00f3n, fue elegido Consejero Directivo, en otra oportunidad Consejero Superior y se gradu\u00f3 enla Licenciatura en Gesti\u00f3n Universitaria (FHyCS\/APUNAM\/FATUN) con una tesis sobre el claustro nodocente de la FHyCS.-<\/p>\n<p><strong>ART\u00cdCULO N\u00ba8: RECONOCER<\/strong> a Amelia B\u00e1ez y Oscar Mathot, estudiantes de la UNaM sancionados pol\u00edticamente por las autoridades universitarias durante la \u00faltima dictadura c\u00edvico-militar y que se han destacado en la defensa de la democracia y la plena vigencia de los Derechos Humanos, con la distinci\u00f3n\u00a0 <strong>Miembro Honorario\/a de la UNaM, <\/strong>v\u00edctima del terrorismo de Estado 1976\/83.-<\/p>\n<p><strong>ART\u00cdCULO N\u00ba9: RECONOCER<\/strong> a \u00c1ngel Fleita, militante estudiantil y fundador de la UES de Misiones, ex preso pol\u00edtico y ex estudiante de la UNaM, destacado por su militancia social, con la distinci\u00f3n <strong>Miembro Honorario (Post Mortem)\u00a0 de la UNaM, <\/strong>v\u00edctima del terrorismo de Estado 1976\/83.-<\/p>\n<p><strong>ART\u00cdCULO N\u00ba 10: RECONOCER<\/strong> a los y las j\u00f3venes que cursaban estudios\u00a0 superiores y\/o universitarios en Misiones\u00a0 y fueron asesinados\u00a0 por las fuerzas de seguridad\u00a0 de la dictadura c\u00edvico militar: Juan Figueredo, Mariano Zaremba,\u00a0 Arturo Franzen, Manuel Parodi, Carlos Tereszecuk y Susana Ferreira, con la distinci\u00f3n <strong>Miembro Honorario\/a (Post Mortem)\u00a0 de la UNaM, <\/strong>v\u00edctima del terrorismo de Estado 1976\/83.-<\/p>\n<p><strong>ART\u00cdCULO N\u00ba11: DISTINGUIR<\/strong> con la <strong>Menci\u00f3n especial \u201cUNaM 50 a\u00f1os\u201d, <\/strong>v\u00edctima del terrorismo de Estado 1976\/83<em>, <\/em>a los siguientesex docentes y\u00a0 ex nodocentes de la UNaM: Norberto Alay\u00f3n, Ricardo Podest\u00e1, Horacio Belastegui, Marta Coronel de Sawaya, Antonio Hodko, Carlos Okada, Marta Palomares, F\u00e9lix Tabbia, Juan Quirelli, \u00c1ngel Colman, N\u00e9stor Martino, Aldo P\u00e9rez Miranda, Silvio Liuzzi, Demetrio Romero, Humberto Maffini, Dora De Andrea, Rodolfo Mekekiuk, Exequiel Jensen, Ricardo Ar\u00e9valo, Hugo Artus, Orlando Shuster, Luisa Guzm\u00e1n, Antonio Brousse, Enrique Hassel, Eugenio Dominiko, Santos Azerrad, Leopoldo L\u00f3pez Forastier, Alicia Maskin, Jorge Trainer, Amelia Morgenstern y Gladys Meza Herrero, donde conste que al cumplir 50 a\u00f1os de la creaci\u00f3n de la UNaM y 40 a\u00f1os de la restauraci\u00f3n democr\u00e1tica en la Argentina, se les hace el reconocimiento por haber sido v\u00edctimas del terrorismo de Estado durante \u00a0la dictadura c\u00edvico militar 1976\/83.-<\/p>\n<p><strong>ART\u00cdCULO N\u00ba12: DISTINGUIR<\/strong> con la <strong>Menci\u00f3n especial \u201cUNaM 50 a\u00f1os\u201d, <\/strong>v\u00edctima del terrorismo de Estado 1976\/83<em>, <\/em>a los docentes en actividad de la UNaM,\u00a0 Esteban Lozina y Mario Coutoun\u00e9,\u00a0 donde conste que al cumplirse 50 a\u00f1os de la creaci\u00f3n de la UNaM y 40 a\u00f1os de la restauraci\u00f3n democr\u00e1tica en la Argentina, se les hace el reconocimiento por haber sido v\u00edctimas del terrorismo de Estado durante\u00a0 la dictadura c\u00edvico militar 1976\/83.-<\/p>\n<p><strong>ART\u00cdCULO N\u00ba 13: DISTINGUIR<\/strong> con la <strong>Menci\u00f3n especial \u201cUNaM 50 a\u00f1os\u201d, <\/strong>v\u00edctimas del terrorismo de Estado 1976\/83,a los siguientes ex protagonistas del movimiento estudiantil universitario en la provincia de Misiones: Mar\u00eda Jos\u00e9 Presa, Elpidio Gonz\u00e1lez, Carlos C.D\u00e1valos, Alejandro Rodr\u00edguez, Jos\u00e9 E. Per\u00f3, Domingo Saucedo, Orlando Sicardi, Mario Garc\u00eda Lugo, Dar\u00edo Arroyo Ortiz, M\u00f3nica Bustos, Alicia Gonz\u00e1lez,\u00a0 Sergio Rossler,\u00a0 Ra\u00fal Aramendy y Hugo Dedieu, donde conste que al cumplir 50 a\u00f1os de creaci\u00f3n de la UNaM y 40 a\u00f1os de la restauraci\u00f3n democr\u00e1tica en la Argentina, se les hace el reconocimiento por haber sido v\u00edctimas del terrorismo de Estado durante la dictadura c\u00edvico militar 1976\/83.-<\/p>\n<p><strong>ART\u00cdCULO N\u00ba 14: ESTABLECER<\/strong> que tambi\u00e9n ser\u00e1n objeto de la distinci\u00f3n <strong>Menci\u00f3nespecial \u201cUNaM 50 a\u00f1os\u201d <\/strong>v\u00edctima del terrorismo de Estado 1976\/83<em>, <\/em>aquellos y aquellas ex docentes, ex nodocentes y ex estudiantes de la UNaM, que habiendo sido perseguidos pol\u00edticos de la dictadura c\u00edvico militar 1976\/83, no hayan sido incluidos en esta resoluci\u00f3n por carecer de la informaci\u00f3n respectiva al momento de ser tratada.-<\/p>\n<p><strong>ART\u00cdCULO N\u00ba 15: REPUDIAR<\/strong> todas las resoluciones\/disposiciones emanadas de las autoridades de la UNaM que ejercieron durante la \u00faltima dictadura c\u00edvico-militar, en las que se decidi\u00f3 expulsar, suspender o cesantear o sancionar por consideraciones pol\u00edticas,\u00a0 a estudiantes, docentes y nodocentes de la UNaM.-<\/p>\n<p><strong>ART\u00cdCULO N\u00ba 16: REITERAR<\/strong> el compromiso de la UNaM con la vigencia del Estado de derecho y la defensa de la democracia, y el rechazo a toda forma de violencia pol\u00edtica, represi\u00f3n ilegal, abuso del poder del Estado, impunidad y violaci\u00f3n a los\u00a0 derechos humanos en la provincia de Misiones y en la Rep\u00fablica Argentina.-<\/p>\n<p><strong>ART\u00cdCULO N\u00ba 17: INVITAR<\/strong> a las facultades, dependencias y claustros de la UNaM a dar a la presente amplia difusi\u00f3n en el marco de las actividades programadas por los 50 A\u00f1os de la creaci\u00f3n de la Universidad Nacional de Misiones y el Cuarenta Aniversario de la recuperaci\u00f3n democr\u00e1tica en nuestro pa\u00eds.-<\/p>\n<p><strong>ART\u00cdCULO N\u00ba 18: ESTABLECER<\/strong> que el otorgamiento de los respectivos diplomas, se implementen por Secretar\u00eda General Acad\u00e9mica.-<\/p>\n<p><strong>ART\u00cdCULO N\u00ba 19: REGISTRAR, <\/strong>Comunicar, y Cumplido. <strong>ARCHIVAR.-<\/strong><\/p>\n<p><em>Posadas, 19 ABR 2023. <\/em><\/p>\n<p><em>Firmado: Bqco. Jorge E. L\u00f3pez, Secretario del Consejo Superior;\u00a0 MSc.Ing.Alicia V.Bohren, Rectora\u00a0 y Presidenta del Consejo Superior.-<\/em><\/p>\n<p>&nbsp;<\/p>\n<p><a href=\"#_ftnref1\" name=\"_ftn1\">[1]<\/a>Profesor Titular\u00a0 de Econom\u00eda Pol\u00edtica\u00a0 y representante de la UNaM en la Red\u00a0 Interuniversitaria de Derechos Humanos (RIDH).\u00a0 Lic. en Econom\u00eda (UNLP), Magister en Gerencia y Administraci\u00f3n de Programas Sociales (UNaM), Posgrado en Econom\u00eda Social y Desarrollo Local (FLACSO) y Doctorado en Ciencias Sociales (UBA). Fue secretario acad\u00e9mico y decano de la Facultad de Humanidades y Cs. Sociales, y dos veces rector de la UNaM. E mail: javier_gortari@hotmail.com<\/p>\n","protected":false},"excerpt":{"rendered":"<p>-Javier Gortari-[1] En el mes de marzo del a\u00f1o 2023, y en el marco conmemorativo por los 40 a\u00f1os de la recuperaci\u00f3n de la democracia en la Rep\u00fablica Argentina y\u00a0 de celebrarse el 50 aniversario de creaci\u00f3n de la Universidad Nacional de Misiones (UNaM), el Consejo Superior aprob\u00f3 por unanimidad la resoluci\u00f3n que reconoce a [&hellip;]<\/p>\n","protected":false},"author":10,"featured_media":0,"comment_status":"open","ping_status":"closed","sticky":false,"template":"","format":"standard","meta":{"extendify_custom_stylesheet":""},"categories":[1],"tags":[5941,5],"_links":{"self":[{"href":"https:\/\/www.fhycs.unam.edu.ar\/portada\/wp-json\/wp\/v2\/posts\/38089"}],"collection":[{"href":"https:\/\/www.fhycs.unam.edu.ar\/portada\/wp-json\/wp\/v2\/posts"}],"about":[{"href":"https:\/\/www.fhycs.unam.edu.ar\/portada\/wp-json\/wp\/v2\/types\/post"}],"author":[{"embeddable":true,"href":"https:\/\/www.fhycs.unam.edu.ar\/portada\/wp-json\/wp\/v2\/users\/10"}],"replies":[{"embeddable":true,"href":"https:\/\/www.fhycs.unam.edu.ar\/portada\/wp-json\/wp\/v2\/comments?post=38089"}],"version-history":[{"count":1,"href":"https:\/\/www.fhycs.unam.edu.ar\/portada\/wp-json\/wp\/v2\/posts\/38089\/revisions"}],"predecessor-version":[{"id":38090,"href":"https:\/\/www.fhycs.unam.edu.ar\/portada\/wp-json\/wp\/v2\/posts\/38089\/revisions\/38090"}],"wp:attachment":[{"href":"https:\/\/www.fhycs.unam.edu.ar\/portada\/wp-json\/wp\/v2\/media?parent=38089"}],"wp:term":[{"taxonomy":"category","embeddable":true,"href":"https:\/\/www.fhycs.unam.edu.ar\/portada\/wp-json\/wp\/v2\/categories?post=38089"},{"taxonomy":"post_tag","embeddable":true,"href":"https:\/\/www.fhycs.unam.edu.ar\/portada\/wp-json\/wp\/v2\/tags?post=38089"}],"curies":[{"name":"wp","href":"https:\/\/api.w.org\/{rel}","templated":true}]}}