{"id":38566,"date":"2024-10-21T11:42:33","date_gmt":"2024-10-21T14:42:33","guid":{"rendered":"https:\/\/www.fhycs.unam.edu.ar\/portada\/?p=38566"},"modified":"2024-10-28T13:05:24","modified_gmt":"2024-10-28T16:05:24","slug":"esta-semana-se-llevaran-a-cabo-las-jornadas-de-investigacion-fhycs-unam-2024","status":"publish","type":"post","link":"https:\/\/www.fhycs.unam.edu.ar\/portada\/esta-semana-se-llevaran-a-cabo-las-jornadas-de-investigacion-fhycs-unam-2024\/","title":{"rendered":"Esta semana se llevar\u00e1n a cabo las Jornadas de Investigaci\u00f3n FHyCS-UNaM 2024"},"content":{"rendered":"<p><img loading=\"lazy\" class=\"size-medium wp-image-38568 alignleft\" src=\"https:\/\/www.fhycs.unam.edu.ar\/portada\/wp-content\/uploads\/2024\/10\/Jornadas-2024-Final-Cut-300x300.png\" alt=\"\" width=\"300\" height=\"300\" srcset=\"https:\/\/www.fhycs.unam.edu.ar\/portada\/wp-content\/uploads\/2024\/10\/Jornadas-2024-Final-Cut-300x300.png 300w, https:\/\/www.fhycs.unam.edu.ar\/portada\/wp-content\/uploads\/2024\/10\/Jornadas-2024-Final-Cut-1024x1024.png 1024w, https:\/\/www.fhycs.unam.edu.ar\/portada\/wp-content\/uploads\/2024\/10\/Jornadas-2024-Final-Cut-150x150.png 150w, https:\/\/www.fhycs.unam.edu.ar\/portada\/wp-content\/uploads\/2024\/10\/Jornadas-2024-Final-Cut-768x768.png 768w, https:\/\/www.fhycs.unam.edu.ar\/portada\/wp-content\/uploads\/2024\/10\/Jornadas-2024-Final-Cut.png 1080w\" sizes=\"(max-width: 300px) 100vw, 300px\" \/>Acompa\u00f1ando el plan de lucha y visibilizaci\u00f3n de las Universidades Nacionales, el<strong> jueves 24 y viernes 25<\/strong> se realizar\u00e1n las Jornadas de Investigaci\u00f3n \u201cLa producci\u00f3n de conocimientos desde las Ciencias Sociales y Humanas, desaf\u00edos en la Argentina contempor\u00e1nea\u201d.<!--more--><\/p>\n<p>La exposici\u00f3n de ponencias en el marco de los Grupos de Trabajo tendr\u00e1 lugar en la sede Central, el Edificio Juan Figueredo y la Secretar\u00eda de Investigaci\u00f3n de la mencionada unidad acad\u00e9mica.<\/p>\n<p>En estas circunstancias adversas para la Universidad P\u00fablica y el Sistema Cient\u00edfico argentino, este encuentro cobra real importancia como espacio de pronunciamiento y resonancia de las producciones de los y las investigadores\/as que desde sus aportes buscan contribuir a la soluci\u00f3n de las problem\u00e1ticas regionales.<\/p>\n<p>Compartimos el cronograma con la organizaci\u00f3n de horarios y lugares de los GT. Ma\u00f1ana se compartir\u00e1 el Programa Final del evento.<\/p>\n<iframe src=\"\/\/docs.google.com\/viewer?url=https%3A%2F%2Fwww.fhycs.unam.edu.ar%2Fportada%2Fwp-content%2Fuploads%2F2024%2F10%2F24-CRONOGRAMA-JORNADAS-DIFUSION-ULTIMA-VERSION-II.pdf&hl=es&embedded=true\" class=\"gde-frame\" style=\"width:100%; height:500px; border: none;\" scrolling=\"no\"><\/iframe>\n<p class=\"gde-text\"><a href=\"https:\/\/www.fhycs.unam.edu.ar\/portada\/wp-content\/uploads\/2024\/10\/24-CRONOGRAMA-JORNADAS-DIFUSION-ULTIMA-VERSION-II.pdf\" class=\"gde-link\">Descargar (PDF, Desconocido)<\/a><\/p>\n","protected":false},"excerpt":{"rendered":"<p>Acompa\u00f1ando el plan de lucha y visibilizaci\u00f3n de las Universidades Nacionales, el jueves 24 y viernes 25 se realizar\u00e1n las Jornadas de Investigaci\u00f3n \u201cLa producci\u00f3n de conocimientos desde las Ciencias Sociales y Humanas, desaf\u00edos en la Argentina contempor\u00e1nea\u201d.<\/p>\n","protected":false},"author":6,"featured_media":38568,"comment_status":"closed","ping_status":"closed","sticky":false,"template":"","format":"standard","meta":{"extendify_custom_stylesheet":""},"categories":[36],"tags":[5,5670],"_links":{"self":[{"href":"https:\/\/www.fhycs.unam.edu.ar\/portada\/wp-json\/wp\/v2\/posts\/38566"}],"collection":[{"href":"https:\/\/www.fhycs.unam.edu.ar\/portada\/wp-json\/wp\/v2\/posts"}],"about":[{"href":"https:\/\/www.fhycs.unam.edu.ar\/portada\/wp-json\/wp\/v2\/types\/post"}],"author":[{"embeddable":true,"href":"https:\/\/www.fhycs.unam.edu.ar\/portada\/wp-json\/wp\/v2\/users\/6"}],"replies":[{"embeddable":true,"href":"https:\/\/www.fhycs.unam.edu.ar\/portada\/wp-json\/wp\/v2\/comments?post=38566"}],"version-history":[{"count":5,"href":"https:\/\/www.fhycs.unam.edu.ar\/portada\/wp-json\/wp\/v2\/posts\/38566\/revisions"}],"predecessor-version":[{"id":38576,"href":"https:\/\/www.fhycs.unam.edu.ar\/portada\/wp-json\/wp\/v2\/posts\/38566\/revisions\/38576"}],"wp:featuredmedia":[{"embeddable":true,"href":"https:\/\/www.fhycs.unam.edu.ar\/portada\/wp-json\/wp\/v2\/media\/38568"}],"wp:attachment":[{"href":"https:\/\/www.fhycs.unam.edu.ar\/portada\/wp-json\/wp\/v2\/media?parent=38566"}],"wp:term":[{"taxonomy":"category","embeddable":true,"href":"https:\/\/www.fhycs.unam.edu.ar\/portada\/wp-json\/wp\/v2\/categories?post=38566"},{"taxonomy":"post_tag","embeddable":true,"href":"https:\/\/www.fhycs.unam.edu.ar\/portada\/wp-json\/wp\/v2\/tags?post=38566"}],"curies":[{"name":"wp","href":"https:\/\/api.w.org\/{rel}","templated":true}]}}