{"id":38815,"date":"2024-11-04T16:07:51","date_gmt":"2024-11-04T19:07:51","guid":{"rendered":"https:\/\/www.fhycs.unam.edu.ar\/portada\/?p=38815"},"modified":"2024-11-04T16:07:51","modified_gmt":"2024-11-04T19:07:51","slug":"convocatoria-becas-erasmus","status":"publish","type":"post","link":"https:\/\/www.fhycs.unam.edu.ar\/portada\/convocatoria-becas-erasmus\/","title":{"rendered":"Convocatoria Becas ERASMUS"},"content":{"rendered":"<p><img loading=\"lazy\" class=\"size-medium wp-image-38816 alignleft\" src=\"https:\/\/www.fhycs.unam.edu.ar\/portada\/wp-content\/uploads\/2024\/11\/IMG-20241031-WA0092-295x300.jpg\" alt=\"\" width=\"295\" height=\"300\" srcset=\"https:\/\/www.fhycs.unam.edu.ar\/portada\/wp-content\/uploads\/2024\/11\/IMG-20241031-WA0092-295x300.jpg 295w, https:\/\/www.fhycs.unam.edu.ar\/portada\/wp-content\/uploads\/2024\/11\/IMG-20241031-WA0092.jpg 389w\" sizes=\"(max-width: 295px) 100vw, 295px\" \/><\/p>\n<hr \/>\n<p>Desde la Oficina de Relaciones Internacionales de la FHyCS informan que se encuentra abierta la Convocatoria Erasmus + KA171 -ICM Curso Acad\u00e9mico 2024-2025, para Estudiantes de Doctorado en la Universidad de Valladolid.<\/p>\n<p>En este enlace est\u00e1 disponible toda la informaci\u00f3n para solicitar las movilidades disponibles (https:\/\/uvamobplus2.uva.es\/publico\/download\/91\/es\/Convocatoria_2_PHD_2425.pdf)<\/p>\n<p>Es para realizar estancias de investigaci\u00f3n en los diferentes departamentos y laboratorios de la Universidad de Valladolid dentro de la Modalidad de Movilidad (Student Mobility for Placements (SMP)) desde el 01\/03\/2025 al 31\/07\/2025.<\/p>\n<p>Los posibles departamentos, laboratorios y temas para realizar la investigaci\u00f3n dentro de la Universidad de Valladolid en este enlace: https:\/\/uvamobplus2.uva.es\/publico\/courses<\/p>\n<p>Cada solicitante podr\u00e1 ponerse en contacto con el responsable acad\u00e9mico para obtener m\u00e1s informaci\u00f3n sobre el tema de la investigaci\u00f3n, teniendo en cuenta que cada aspirante deber\u00e1 presentar un borrador del plan de trabajo para el tema propuesto en la oferta.<\/p>\n<p>La solicitud de la beca se realiza a trav\u00e9s de la siguiente p\u00e1gina web: https:\/\/uvamobplus2.uva.es\/publico\/apply<\/p>\n<p>La fecha l\u00edmite para la presentaci\u00f3n de solicitudes es el 15 de noviembre de 2024 (23:59 hora espa\u00f1ola).<\/p>\n<p>Asimismo, pueden ver algunos testimonios de becarios Erasmus+ KA107 en: https:\/\/erasmusplusuva.wordpress.com\/<\/p>\n<p>Para m\u00e1s informaci\u00f3n comunicarse al correo electr\u00f3nico: ka171.erasmusplus@uva.es.<\/p>\n","protected":false},"excerpt":{"rendered":"<p>Desde la Oficina de Relaciones Internacionales de la FHyCS informan que se encuentra abierta la Convocatoria Erasmus + KA171 -ICM Curso Acad\u00e9mico 2024-2025, para Estudiantes de Doctorado en la Universidad de Valladolid. En este enlace est\u00e1 disponible toda la informaci\u00f3n para solicitar las movilidades disponibles (https:\/\/uvamobplus2.uva.es\/publico\/download\/91\/es\/Convocatoria_2_PHD_2425.pdf) Es para realizar estancias de investigaci\u00f3n en los diferentes [&hellip;]<\/p>\n","protected":false},"author":10,"featured_media":0,"comment_status":"closed","ping_status":"closed","sticky":false,"template":"","format":"standard","meta":{"extendify_custom_stylesheet":""},"categories":[1],"tags":[5991,5],"_links":{"self":[{"href":"https:\/\/www.fhycs.unam.edu.ar\/portada\/wp-json\/wp\/v2\/posts\/38815"}],"collection":[{"href":"https:\/\/www.fhycs.unam.edu.ar\/portada\/wp-json\/wp\/v2\/posts"}],"about":[{"href":"https:\/\/www.fhycs.unam.edu.ar\/portada\/wp-json\/wp\/v2\/types\/post"}],"author":[{"embeddable":true,"href":"https:\/\/www.fhycs.unam.edu.ar\/portada\/wp-json\/wp\/v2\/users\/10"}],"replies":[{"embeddable":true,"href":"https:\/\/www.fhycs.unam.edu.ar\/portada\/wp-json\/wp\/v2\/comments?post=38815"}],"version-history":[{"count":1,"href":"https:\/\/www.fhycs.unam.edu.ar\/portada\/wp-json\/wp\/v2\/posts\/38815\/revisions"}],"predecessor-version":[{"id":38817,"href":"https:\/\/www.fhycs.unam.edu.ar\/portada\/wp-json\/wp\/v2\/posts\/38815\/revisions\/38817"}],"wp:attachment":[{"href":"https:\/\/www.fhycs.unam.edu.ar\/portada\/wp-json\/wp\/v2\/media?parent=38815"}],"wp:term":[{"taxonomy":"category","embeddable":true,"href":"https:\/\/www.fhycs.unam.edu.ar\/portada\/wp-json\/wp\/v2\/categories?post=38815"},{"taxonomy":"post_tag","embeddable":true,"href":"https:\/\/www.fhycs.unam.edu.ar\/portada\/wp-json\/wp\/v2\/tags?post=38815"}],"curies":[{"name":"wp","href":"https:\/\/api.w.org\/{rel}","templated":true}]}}