{"id":38833,"date":"2024-11-06T10:53:11","date_gmt":"2024-11-06T13:53:11","guid":{"rendered":"https:\/\/www.fhycs.unam.edu.ar\/portada\/?p=38833"},"modified":"2024-11-06T11:05:18","modified_gmt":"2024-11-06T14:05:18","slug":"se-realizo-un-emotivo-acto-por-los-50-anos-de-la-lic-en-antropologia-social","status":"publish","type":"post","link":"https:\/\/www.fhycs.unam.edu.ar\/portada\/se-realizo-un-emotivo-acto-por-los-50-anos-de-la-lic-en-antropologia-social\/","title":{"rendered":"Se realiz\u00f3 un emotivo acto por los 50 a\u00f1os de la Lic. en Antropolog\u00eda Social"},"content":{"rendered":"<p><img loading=\"lazy\" class=\"size-medium wp-image-38834 alignleft\" src=\"https:\/\/www.fhycs.unam.edu.ar\/portada\/wp-content\/uploads\/2024\/11\/WhatsApp-Image-2024-11-05-at-15.05.21-300x300.jpeg\" alt=\"\" width=\"300\" height=\"300\" srcset=\"https:\/\/www.fhycs.unam.edu.ar\/portada\/wp-content\/uploads\/2024\/11\/WhatsApp-Image-2024-11-05-at-15.05.21-300x300.jpeg 300w, https:\/\/www.fhycs.unam.edu.ar\/portada\/wp-content\/uploads\/2024\/11\/WhatsApp-Image-2024-11-05-at-15.05.21-1024x1024.jpeg 1024w, https:\/\/www.fhycs.unam.edu.ar\/portada\/wp-content\/uploads\/2024\/11\/WhatsApp-Image-2024-11-05-at-15.05.21-150x150.jpeg 150w, https:\/\/www.fhycs.unam.edu.ar\/portada\/wp-content\/uploads\/2024\/11\/WhatsApp-Image-2024-11-05-at-15.05.21-768x768.jpeg 768w, https:\/\/www.fhycs.unam.edu.ar\/portada\/wp-content\/uploads\/2024\/11\/WhatsApp-Image-2024-11-05-at-15.05.21.jpeg 1080w\" sizes=\"(max-width: 300px) 100vw, 300px\" \/><\/p>\n<p>En el d\u00eda de la conmemoraci\u00f3n de los 50 a\u00f1os de la carrera de Antropolog\u00eda Social en la FHyCS, se vivieron momentos emotivos e inolvidables.<!--more--><\/p>\n<p>El descubrimiento de placa frente al Departamento de Antropolog\u00eda y el posterior acto en cuya apertura hablaron el Decano Esp. Cristian Garrido, el Director de la carrera Mgter. Guillermo Castiglioni, el Dr. Roberto Abinzano primer Decano electo con la vuelta de la democracia en 1983 y el ex Decano y Rector mandato cumplido Dr. Fernando Jaume. Estos \u00faltimos, reconocidos profesores del DAS e investigadores de la FHyCS ya jubilados<\/p>\n<p>Tambi\u00e9n, hicieron uso de la palabra representantes de los claustros de graduados\/as y estudiantes que destacaron aspectos valiosos de la historia de la carrera, as\u00ed como los desaf\u00edos que esta enfrenta en la actualidad. Todo esto, adem\u00e1s de la participaci\u00f3n espont\u00e1nea de profesores\/as, graduados\/as y alumnos\/as, dan cuenta del car\u00e1cter plural de la licenciatura desde sus inicios.<\/p>\n<p>En el contexto actual, complejo y dif\u00edcil, los y las presentes coincidieron en la defensa permanente de la Universidad P\u00fablica y en el rol de la Antropolog\u00eda Social en lo que hace a la recuperaci\u00f3n de las memorias de resistencia y lucha, la comprensi\u00f3n de los procesos socioculturales y pol\u00edticos actuales, en aras de defender los derechos humanos y apostar por una sociedad m\u00e1s justa e inclusiva.<\/p>\n","protected":false},"excerpt":{"rendered":"<p>En el d\u00eda de la conmemoraci\u00f3n de los 50 a\u00f1os de la carrera de Antropolog\u00eda Social en la FHyCS, se vivieron momentos emotivos e inolvidables.<\/p>\n","protected":false},"author":10,"featured_media":0,"comment_status":"closed","ping_status":"closed","sticky":false,"template":"","format":"standard","meta":{"extendify_custom_stylesheet":""},"categories":[70],"tags":[5992],"_links":{"self":[{"href":"https:\/\/www.fhycs.unam.edu.ar\/portada\/wp-json\/wp\/v2\/posts\/38833"}],"collection":[{"href":"https:\/\/www.fhycs.unam.edu.ar\/portada\/wp-json\/wp\/v2\/posts"}],"about":[{"href":"https:\/\/www.fhycs.unam.edu.ar\/portada\/wp-json\/wp\/v2\/types\/post"}],"author":[{"embeddable":true,"href":"https:\/\/www.fhycs.unam.edu.ar\/portada\/wp-json\/wp\/v2\/users\/10"}],"replies":[{"embeddable":true,"href":"https:\/\/www.fhycs.unam.edu.ar\/portada\/wp-json\/wp\/v2\/comments?post=38833"}],"version-history":[{"count":1,"href":"https:\/\/www.fhycs.unam.edu.ar\/portada\/wp-json\/wp\/v2\/posts\/38833\/revisions"}],"predecessor-version":[{"id":38835,"href":"https:\/\/www.fhycs.unam.edu.ar\/portada\/wp-json\/wp\/v2\/posts\/38833\/revisions\/38835"}],"wp:attachment":[{"href":"https:\/\/www.fhycs.unam.edu.ar\/portada\/wp-json\/wp\/v2\/media?parent=38833"}],"wp:term":[{"taxonomy":"category","embeddable":true,"href":"https:\/\/www.fhycs.unam.edu.ar\/portada\/wp-json\/wp\/v2\/categories?post=38833"},{"taxonomy":"post_tag","embeddable":true,"href":"https:\/\/www.fhycs.unam.edu.ar\/portada\/wp-json\/wp\/v2\/tags?post=38833"}],"curies":[{"name":"wp","href":"https:\/\/api.w.org\/{rel}","templated":true}]}}