{"id":39164,"date":"2024-11-28T18:15:50","date_gmt":"2024-11-28T21:15:50","guid":{"rendered":"https:\/\/www.fhycs.unam.edu.ar\/portada\/?p=39164"},"modified":"2024-11-28T18:15:50","modified_gmt":"2024-11-28T21:15:50","slug":"comunicado-rechazamos-el-ajuste-al-inta","status":"publish","type":"post","link":"https:\/\/www.fhycs.unam.edu.ar\/portada\/comunicado-rechazamos-el-ajuste-al-inta\/","title":{"rendered":"COMUNICADO: Rechazamos el ajuste al INTA"},"content":{"rendered":"<hr \/>\n<p><img loading=\"lazy\" class=\"size-medium wp-image-39166 alignleft\" src=\"https:\/\/www.fhycs.unam.edu.ar\/portada\/wp-content\/uploads\/2024\/11\/IMG-20241128-WA0074-300x300.jpg\" alt=\"\" width=\"300\" height=\"300\" srcset=\"https:\/\/www.fhycs.unam.edu.ar\/portada\/wp-content\/uploads\/2024\/11\/IMG-20241128-WA0074-300x300.jpg 300w, https:\/\/www.fhycs.unam.edu.ar\/portada\/wp-content\/uploads\/2024\/11\/IMG-20241128-WA0074-1024x1024.jpg 1024w, https:\/\/www.fhycs.unam.edu.ar\/portada\/wp-content\/uploads\/2024\/11\/IMG-20241128-WA0074-150x150.jpg 150w, https:\/\/www.fhycs.unam.edu.ar\/portada\/wp-content\/uploads\/2024\/11\/IMG-20241128-WA0074-768x768.jpg 768w, https:\/\/www.fhycs.unam.edu.ar\/portada\/wp-content\/uploads\/2024\/11\/IMG-20241128-WA0074.jpg 1080w\" sizes=\"(max-width: 300px) 100vw, 300px\" \/><\/p>\n<p>Las autoridades de la Facultad de Humanidades y Ciencias Sociales de la UNaM rechazan en\u00e9rgicamente el ajuste, los despidos y el desmantelamiento de una de las Instituciones m\u00e1s importantes del pa\u00eds, el Instituto Nacional de Tecnolog\u00eda Agropecuaria &#8211; INTA<\/p>\n<p>Desde hace a\u00f1os, la Universidad Nacional de Misiones y en particular la FHyCS venimos articulando con el INTA en lo que hace a procesos de formaci\u00f3n de diversos profesionales que, desde ambas instituciones, vienen desarrollando trabajos de investigaci\u00f3n en los diferentes territorios, fundamentales para dar cuenta de la diversidad sociocultural y productiva de nuestra provincia de Misiones.<\/p>\n<p>Al trabajo cient\u00edfico, se suma el compromiso profesional que se traduce en la capacitaci\u00f3n continua de t\u00e9cnicos y productores y en una colaboraci\u00f3n constante con el sector privado por medio de convenios tecnol\u00f3gicos e investigaciones conjuntas.<\/p>\n<p>En este sentido, la riqueza del INTA se encuentra en el capital humano que lleva adelante diferentes l\u00edneas prioritarias de trabajo que se traducen en programas y proyectos que dan cuenta, a partir de un an\u00e1lisis profundo, de problem\u00e1ticas del agro a nivel provincial, regional y nacional.<\/p>\n<p>El INTA, es una instituci\u00f3n que con cerca de 70 a\u00f1os de trayectoria ha construido redes de relaciones e intercambios con diferentes sectores de la poblaci\u00f3n local y nacional, apoyando y aportando a las transformaciones del contexto a partir de miradas situadas, serias, participativas y planificadas en relaci\u00f3n a las demandas y requerimientos del sector.<\/p>\n<p>Es una Instituci\u00f3n reconocida a nivel nacional e internacional por su excelencia en lo que respecta a la investigaci\u00f3n y la extensi\u00f3n en el agro argentino. Sus investigadores\/as y extensionistas cada uno desde sus roles, han impulsado la innovaci\u00f3n tecnol\u00f3gica, la rentabilidad del campo y la agroindustria, as\u00ed como la agricultura familiar. Siendo este \u00faltimo sector, fundamental en la producci\u00f3n de los alimentos que consumimos los argentinos diariamente y que en nuestra provincia se compone de m\u00e1s de 24.000 unidades productivas.<\/p>\n<p>En estos momentos, el INTA y el papel protag\u00f3nico que ocupa para el desarrollo de la Argentina se ponen en riesgo por los ataques continuos que viene sufriendo desde el ejecutivo. As\u00ed como est\u00e1n padeciendo las Universidades P\u00fablicas, el sistema de ciencia y t\u00e9cnica en general y el CONICET en particular y las Ciencias Humanas y Sociales.<\/p>\n<p>Por este motivo desde la Facultad de Humanidades y Ciencias Sociales, repudiamos:<\/p>\n<p>&#8211; Los ataques que hacen desde diversos sectores del gobierno nacional contra el INTA, a partir de expresiones irrespetuosas y sin fundamento cient\u00edfico serio bajo el paradigma de &#8220;modernizaci\u00f3n&#8221;.<\/p>\n<p>&#8211; Al despido de los y las investigadores\/as, t\u00e9cnicos y t\u00e9cnicas del INTA que aportan a un desarrollo rural m\u00e1s eficiente, sustentable e inclusivo; as\u00ed como al de los j\u00f3venes profesionales que se incorporaron hace poco y son la garant\u00eda de continuidad de las l\u00edneas de investigaci\u00f3n y extensi\u00f3n.<\/p>\n<p>&#8211; Al desmantelamiento de la instituci\u00f3n y la venta de inmuebles y tierras que han sido y siguen siendo fundamentales para el desarrollo de tecnolog\u00edas, as\u00ed como para el cuidado de la biodiversidad. Este es el caso del Campo Experimental Forestal, Manuel Belgrano de m\u00e1s de 2.200 hect\u00e1reas, ubicado en el Departamento Manuel Belgrano de la provincia de Misiones.<\/p>\n<p>Ante lo se\u00f1aladoy en el marco de las relaciones institucionales entre la FHyCS-UNaM y el INTA, solicitamos a los miembros del Consejo Directivo que rechacen el Plan de Gesti\u00f3n propuesto por el gobierno nacional y resguarden y fortalezcan una Instituci\u00f3n fundamental para la ciencia, la t\u00e9cnica y la transferencia en pos del desarrollo de la Argentina.<\/p>\n<iframe src=\"\/\/docs.google.com\/viewer?url=https%3A%2F%2Fwww.fhycs.unam.edu.ar%2Fportada%2Fwp-content%2Fuploads%2F2024%2F11%2FComunicado-FHyCS-por-INTA_241128_181159.pdf&hl=es&embedded=true\" class=\"gde-frame\" style=\"width:100%; height:500px; border: none;\" scrolling=\"no\"><\/iframe>\n<p class=\"gde-text\"><a href=\"https:\/\/www.fhycs.unam.edu.ar\/portada\/wp-content\/uploads\/2024\/11\/Comunicado-FHyCS-por-INTA_241128_181159.pdf\" class=\"gde-link\">Descargar (PDF, Desconocido)<\/a><\/p>\n<p>&nbsp;<\/p>\n<p>&nbsp;<\/p>\n","protected":false},"excerpt":{"rendered":"<p>Las autoridades de la Facultad de Humanidades y Ciencias Sociales de la UNaM rechazan en\u00e9rgicamente el ajuste, los despidos y el desmantelamiento de una de las Instituciones m\u00e1s importantes del pa\u00eds, el Instituto Nacional de Tecnolog\u00eda Agropecuaria &#8211; INTA Desde hace a\u00f1os, la Universidad Nacional de Misiones y en particular la FHyCS venimos articulando con [&hellip;]<\/p>\n","protected":false},"author":10,"featured_media":39166,"comment_status":"closed","ping_status":"closed","sticky":false,"template":"","format":"standard","meta":{"extendify_custom_stylesheet":""},"categories":[10],"tags":[6006],"_links":{"self":[{"href":"https:\/\/www.fhycs.unam.edu.ar\/portada\/wp-json\/wp\/v2\/posts\/39164"}],"collection":[{"href":"https:\/\/www.fhycs.unam.edu.ar\/portada\/wp-json\/wp\/v2\/posts"}],"about":[{"href":"https:\/\/www.fhycs.unam.edu.ar\/portada\/wp-json\/wp\/v2\/types\/post"}],"author":[{"embeddable":true,"href":"https:\/\/www.fhycs.unam.edu.ar\/portada\/wp-json\/wp\/v2\/users\/10"}],"replies":[{"embeddable":true,"href":"https:\/\/www.fhycs.unam.edu.ar\/portada\/wp-json\/wp\/v2\/comments?post=39164"}],"version-history":[{"count":1,"href":"https:\/\/www.fhycs.unam.edu.ar\/portada\/wp-json\/wp\/v2\/posts\/39164\/revisions"}],"predecessor-version":[{"id":39167,"href":"https:\/\/www.fhycs.unam.edu.ar\/portada\/wp-json\/wp\/v2\/posts\/39164\/revisions\/39167"}],"wp:featuredmedia":[{"embeddable":true,"href":"https:\/\/www.fhycs.unam.edu.ar\/portada\/wp-json\/wp\/v2\/media\/39166"}],"wp:attachment":[{"href":"https:\/\/www.fhycs.unam.edu.ar\/portada\/wp-json\/wp\/v2\/media?parent=39164"}],"wp:term":[{"taxonomy":"category","embeddable":true,"href":"https:\/\/www.fhycs.unam.edu.ar\/portada\/wp-json\/wp\/v2\/categories?post=39164"},{"taxonomy":"post_tag","embeddable":true,"href":"https:\/\/www.fhycs.unam.edu.ar\/portada\/wp-json\/wp\/v2\/tags?post=39164"}],"curies":[{"name":"wp","href":"https:\/\/api.w.org\/{rel}","templated":true}]}}