{"id":39236,"date":"2024-12-11T12:06:14","date_gmt":"2024-12-11T15:06:14","guid":{"rendered":"https:\/\/www.fhycs.unam.edu.ar\/portada\/?p=39236"},"modified":"2024-12-11T12:06:14","modified_gmt":"2024-12-11T15:06:14","slug":"nueva-edicion-de-la-revista-desafios-2","status":"publish","type":"post","link":"https:\/\/www.fhycs.unam.edu.ar\/portada\/nueva-edicion-de-la-revista-desafios-2\/","title":{"rendered":"Nueva edici\u00f3n de la revista Desaf\u00edos"},"content":{"rendered":"<div><img loading=\"lazy\" class=\"size-medium wp-image-39237 alignleft\" src=\"https:\/\/www.fhycs.unam.edu.ar\/portada\/wp-content\/uploads\/2024\/12\/desafios-300x300.png\" alt=\"\" width=\"300\" height=\"300\" srcset=\"https:\/\/www.fhycs.unam.edu.ar\/portada\/wp-content\/uploads\/2024\/12\/desafios-300x300.png 300w, https:\/\/www.fhycs.unam.edu.ar\/portada\/wp-content\/uploads\/2024\/12\/desafios-1024x1024.png 1024w, https:\/\/www.fhycs.unam.edu.ar\/portada\/wp-content\/uploads\/2024\/12\/desafios-150x150.png 150w, https:\/\/www.fhycs.unam.edu.ar\/portada\/wp-content\/uploads\/2024\/12\/desafios-768x768.png 768w, https:\/\/www.fhycs.unam.edu.ar\/portada\/wp-content\/uploads\/2024\/12\/desafios.png 1080w\" sizes=\"(max-width: 300px) 100vw, 300px\" \/><\/div>\n<div class=\"x9f619 xjbqb8w x78zum5 x168nmei x13lgxp2 x5pf9jr xo71vjh xw3qccf x1n2onr6 x1plvlek xryxfnj x1c4vz4f x2lah0s xdt5ytf xqjyukv x1qjc9v5 x1oa3qoh x1nhvcw1\">Estamos felices de informar que sali\u00f3 una nueva edici\u00f3n de la revista digital del Centro de estudios, capacitaci\u00f3n y formaci\u00f3n: COMUNIDAD, SALUD Y SALUD MENTAL de nuestra querida facultad.<\/div>\n<p><!--more--><\/p>\n<div class=\"_a9zs\">\n<p class=\"_ap3a _aaco _aacu _aacx _aad7 _aade\" dir=\"auto\">\u00a1Compartimos con ustedes una nueva edici\u00f3n de la Revista Desaf\u00edos!<\/p>\n<p class=\"_ap3a _aaco _aacu _aacx _aad7 _aade\" dir=\"auto\">Mediante el siguiente enlace pueden acceder a ella:<\/p>\n<p class=\"_ap3a _aaco _aacu _aacx _aad7 _aade\" dir=\"auto\"><a href=\"https:\/\/revistadesafios.wordpress.com\/2024\/12\/11\/desafios-no18\/\" target=\"_blank\" rel=\"noopener\">https:\/\/revistadesafios.wordpress.com\/2024\/12\/11\/desafios-no18\/<\/a><\/p>\n<p class=\"_ap3a _aaco _aacu _aacx _aad7 _aade\" dir=\"auto\">\u00a1Gracias por acompa\u00f1arnos un a\u00f1o m\u00e1s!<\/p>\n<\/div>\n","protected":false},"excerpt":{"rendered":"<p>Estamos felices de informar que sali\u00f3 una nueva edici\u00f3n de la revista digital del Centro de estudios, capacitaci\u00f3n y formaci\u00f3n: COMUNIDAD, SALUD Y SALUD MENTAL de nuestra querida facultad.<\/p>\n","protected":false},"author":10,"featured_media":0,"comment_status":"closed","ping_status":"closed","sticky":false,"template":"","format":"standard","meta":{"extendify_custom_stylesheet":""},"categories":[1846,3298],"tags":[5,4302],"_links":{"self":[{"href":"https:\/\/www.fhycs.unam.edu.ar\/portada\/wp-json\/wp\/v2\/posts\/39236"}],"collection":[{"href":"https:\/\/www.fhycs.unam.edu.ar\/portada\/wp-json\/wp\/v2\/posts"}],"about":[{"href":"https:\/\/www.fhycs.unam.edu.ar\/portada\/wp-json\/wp\/v2\/types\/post"}],"author":[{"embeddable":true,"href":"https:\/\/www.fhycs.unam.edu.ar\/portada\/wp-json\/wp\/v2\/users\/10"}],"replies":[{"embeddable":true,"href":"https:\/\/www.fhycs.unam.edu.ar\/portada\/wp-json\/wp\/v2\/comments?post=39236"}],"version-history":[{"count":1,"href":"https:\/\/www.fhycs.unam.edu.ar\/portada\/wp-json\/wp\/v2\/posts\/39236\/revisions"}],"predecessor-version":[{"id":39238,"href":"https:\/\/www.fhycs.unam.edu.ar\/portada\/wp-json\/wp\/v2\/posts\/39236\/revisions\/39238"}],"wp:attachment":[{"href":"https:\/\/www.fhycs.unam.edu.ar\/portada\/wp-json\/wp\/v2\/media?parent=39236"}],"wp:term":[{"taxonomy":"category","embeddable":true,"href":"https:\/\/www.fhycs.unam.edu.ar\/portada\/wp-json\/wp\/v2\/categories?post=39236"},{"taxonomy":"post_tag","embeddable":true,"href":"https:\/\/www.fhycs.unam.edu.ar\/portada\/wp-json\/wp\/v2\/tags?post=39236"}],"curies":[{"name":"wp","href":"https:\/\/api.w.org\/{rel}","templated":true}]}}