{"id":39253,"date":"2024-12-16T07:30:30","date_gmt":"2024-12-16T10:30:30","guid":{"rendered":"https:\/\/www.fhycs.unam.edu.ar\/portada\/?p=39253"},"modified":"2024-12-16T09:12:55","modified_gmt":"2024-12-16T12:12:55","slug":"cierre-academico-2024-en-un-penal-de-posadas","status":"publish","type":"post","link":"https:\/\/www.fhycs.unam.edu.ar\/portada\/cierre-academico-2024-en-un-penal-de-posadas\/","title":{"rendered":"Cierre acad\u00e9mico 2024 en el penal V de mujeres"},"content":{"rendered":"<div><img loading=\"lazy\" class=\"size-medium wp-image-39254 alignleft\" src=\"https:\/\/www.fhycs.unam.edu.ar\/portada\/wp-content\/uploads\/2024\/12\/gutierrez-300x300.jpeg\" alt=\"\" width=\"300\" height=\"300\" srcset=\"https:\/\/www.fhycs.unam.edu.ar\/portada\/wp-content\/uploads\/2024\/12\/gutierrez-300x300.jpeg 300w, https:\/\/www.fhycs.unam.edu.ar\/portada\/wp-content\/uploads\/2024\/12\/gutierrez-1024x1024.jpeg 1024w, https:\/\/www.fhycs.unam.edu.ar\/portada\/wp-content\/uploads\/2024\/12\/gutierrez-150x150.jpeg 150w, https:\/\/www.fhycs.unam.edu.ar\/portada\/wp-content\/uploads\/2024\/12\/gutierrez-768x768.jpeg 768w, https:\/\/www.fhycs.unam.edu.ar\/portada\/wp-content\/uploads\/2024\/12\/gutierrez-1536x1536.jpeg 1536w, https:\/\/www.fhycs.unam.edu.ar\/portada\/wp-content\/uploads\/2024\/12\/gutierrez.jpeg 1600w\" sizes=\"(max-width: 300px) 100vw, 300px\" \/>En el marco del Programa de fortalecimiento de acciones y programas universitarios en contextos de privaci\u00f3n de libertad se realiz\u00f3 el cierre del A\u00f1o acad\u00e9mico 2024 en la Unidad Penal V, espacio en el cual mujeres estudiantes cursan la Licenciatura en Trabajo Social de la Facultad de Humanidades y Ciencias Sociales de la UNaM.<\/div>\n<p><!--more--><\/p>\n<div>Estas acciones de articulaci\u00f3n entre la Universidad Nacional de Misiones, la Facultad de Humanidades y Ciencias Sociales y el Servicio Penitenciario Provincial es resultado de un trabajo colectivo, de esfuerzo colaborativo y constante aprendizajes entre las Instituciones comprometidas con la educaci\u00f3n p\u00fablica destinada a personas privadas de libertad.<\/div>\n<div>Estuvieron presentes, el Decano de la FHyCS, Esp. Cristian Garrido; la Secretaria General Acad\u00e9mica, Mgter. Gisela Spasiuk, la coordinadora del Programa la Lic. Lorena Guti\u00e9rrez, el Alcaide Mayor, Prof. Walter S\u00e1nchez , equipo docente y estudiantes que cursan esta carrera.<\/div>\n","protected":false},"excerpt":{"rendered":"<p>En el marco del Programa de fortalecimiento de acciones y programas universitarios en contextos de privaci\u00f3n de libertad se realiz\u00f3 el cierre del A\u00f1o acad\u00e9mico 2024 en la Unidad Penal V, espacio en el cual mujeres estudiantes cursan la Licenciatura en Trabajo Social de la Facultad de Humanidades y Ciencias Sociales de la UNaM.<\/p>\n","protected":false},"author":10,"featured_media":0,"comment_status":"closed","ping_status":"closed","sticky":false,"template":"","format":"standard","meta":{"extendify_custom_stylesheet":""},"categories":[1],"tags":[6014,5],"_links":{"self":[{"href":"https:\/\/www.fhycs.unam.edu.ar\/portada\/wp-json\/wp\/v2\/posts\/39253"}],"collection":[{"href":"https:\/\/www.fhycs.unam.edu.ar\/portada\/wp-json\/wp\/v2\/posts"}],"about":[{"href":"https:\/\/www.fhycs.unam.edu.ar\/portada\/wp-json\/wp\/v2\/types\/post"}],"author":[{"embeddable":true,"href":"https:\/\/www.fhycs.unam.edu.ar\/portada\/wp-json\/wp\/v2\/users\/10"}],"replies":[{"embeddable":true,"href":"https:\/\/www.fhycs.unam.edu.ar\/portada\/wp-json\/wp\/v2\/comments?post=39253"}],"version-history":[{"count":4,"href":"https:\/\/www.fhycs.unam.edu.ar\/portada\/wp-json\/wp\/v2\/posts\/39253\/revisions"}],"predecessor-version":[{"id":39258,"href":"https:\/\/www.fhycs.unam.edu.ar\/portada\/wp-json\/wp\/v2\/posts\/39253\/revisions\/39258"}],"wp:attachment":[{"href":"https:\/\/www.fhycs.unam.edu.ar\/portada\/wp-json\/wp\/v2\/media?parent=39253"}],"wp:term":[{"taxonomy":"category","embeddable":true,"href":"https:\/\/www.fhycs.unam.edu.ar\/portada\/wp-json\/wp\/v2\/categories?post=39253"},{"taxonomy":"post_tag","embeddable":true,"href":"https:\/\/www.fhycs.unam.edu.ar\/portada\/wp-json\/wp\/v2\/tags?post=39253"}],"curies":[{"name":"wp","href":"https:\/\/api.w.org\/{rel}","templated":true}]}}