{"id":39267,"date":"2025-01-10T20:23:28","date_gmt":"2025-01-10T23:23:28","guid":{"rendered":"https:\/\/www.fhycs.unam.edu.ar\/portada\/?p=39267"},"modified":"2025-01-10T20:23:28","modified_gmt":"2025-01-10T23:23:28","slug":"comunicado-de-la-anfhe","status":"publish","type":"post","link":"https:\/\/www.fhycs.unam.edu.ar\/portada\/comunicado-de-la-anfhe\/","title":{"rendered":"Comunicado de la ANFHE"},"content":{"rendered":"<p style=\"text-align: left;\">COMUNICADO| RECHAZAMOS LA BAJA Y EL DESFINANCIAMIENTO DE LOS PROGRAMAS DE INVESTIGACI\u00d3N EN CIENCIAS SOCIALES Y HUMANIDADES.<\/p>\n<p>La Asociaci\u00f3n Nacional de Facultades de Humanidades y Educaci\u00f3n (ANFHE) expresa su profunda preocupaci\u00f3n por el alcance de la Resoluci\u00f3n 10\/2025 emitida por la Jefatura de Gabinete de Ministros que dispone la no continuidad y el desfinanciamiento de los programas de investigaci\u00f3n en ciencias sociales y humanas promovidos por el ex Ministerio de Ciencia, Tecnolog\u00eda e Innovaci\u00f3n de la Naci\u00f3n.<\/p>\n<p>Rechazamos esta decisi\u00f3n arbitraria, infundada y unilateral porque podemos dar cuenta del valor estrat\u00e9gico y federal que estos programas han generado en redes colaborativas integradas por unidades acad\u00e9micas de nuestra Asociaci\u00f3n, obteniendo resultados altamente favorables para el redise\u00f1o de pol\u00edticas educativas y marcos de acci\u00f3n colectiva con inclusi\u00f3n.<\/p>\n<p>ANFHE ya hab\u00eda advertido, en un documento publicado en abril de 2024, que las ciencias sociales y las humanidades eran objeto de una pol\u00edtica discriminatoria, dada su potencia reflexiva que permite pensar qu\u00e9 sociedad necesitamos y c\u00f3mo avanzar en esa direcci\u00f3n a trav\u00e9s de pr\u00e1cticas y consensos democr\u00e1ticos. Hoy nos encontramos con una nueva decisi\u00f3n avasallando resultados de proyectos y dando un paso m\u00e1s hacia el desmantelamiento del sistema de ciencia y t\u00e9cnica de nuestro pa\u00eds, restringiendo injustamente campos de investigaci\u00f3n, a nuestro entender, igualmente prioritarios.<\/p>\n<p>Es por ello que exigimos a las autoridades nacionales que dejen sin efecto la Resoluci\u00f3n mencionada y que restituyan y actualicen las partidas presupuestarias para fortalecer nuevamente todos los programas de investigaci\u00f3n.<\/p>\n<p>Es urgente que el Estado cumpla con sus obligaciones y garantice el sostenimiento de las instituciones universitarias en sus funciones educativas, de extensi\u00f3n y de investigaci\u00f3n.<\/p>\n<p>Un pa\u00eds sin investigaci\u00f3n, sin extensi\u00f3n y sin educaci\u00f3n p\u00fablica es un pa\u00eds sin soberan\u00eda de conocimiento.<\/p>\n<p>Enero de 2025.<\/p>\n","protected":false},"excerpt":{"rendered":"<p>COMUNICADO| RECHAZAMOS LA BAJA Y EL DESFINANCIAMIENTO DE LOS PROGRAMAS DE INVESTIGACI\u00d3N EN CIENCIAS SOCIALES Y HUMANIDADES. La Asociaci\u00f3n Nacional de Facultades de Humanidades y Educaci\u00f3n (ANFHE) expresa su profunda preocupaci\u00f3n por el alcance de la Resoluci\u00f3n 10\/2025 emitida por la Jefatura de Gabinete de Ministros que dispone la no continuidad y el desfinanciamiento de [&hellip;]<\/p>\n","protected":false},"author":10,"featured_media":11243,"comment_status":"closed","ping_status":"closed","sticky":false,"template":"","format":"standard","meta":{"extendify_custom_stylesheet":""},"categories":[4130,2247,10],"tags":[6017,5],"_links":{"self":[{"href":"https:\/\/www.fhycs.unam.edu.ar\/portada\/wp-json\/wp\/v2\/posts\/39267"}],"collection":[{"href":"https:\/\/www.fhycs.unam.edu.ar\/portada\/wp-json\/wp\/v2\/posts"}],"about":[{"href":"https:\/\/www.fhycs.unam.edu.ar\/portada\/wp-json\/wp\/v2\/types\/post"}],"author":[{"embeddable":true,"href":"https:\/\/www.fhycs.unam.edu.ar\/portada\/wp-json\/wp\/v2\/users\/10"}],"replies":[{"embeddable":true,"href":"https:\/\/www.fhycs.unam.edu.ar\/portada\/wp-json\/wp\/v2\/comments?post=39267"}],"version-history":[{"count":1,"href":"https:\/\/www.fhycs.unam.edu.ar\/portada\/wp-json\/wp\/v2\/posts\/39267\/revisions"}],"predecessor-version":[{"id":39268,"href":"https:\/\/www.fhycs.unam.edu.ar\/portada\/wp-json\/wp\/v2\/posts\/39267\/revisions\/39268"}],"wp:featuredmedia":[{"embeddable":true,"href":"https:\/\/www.fhycs.unam.edu.ar\/portada\/wp-json\/wp\/v2\/media\/11243"}],"wp:attachment":[{"href":"https:\/\/www.fhycs.unam.edu.ar\/portada\/wp-json\/wp\/v2\/media?parent=39267"}],"wp:term":[{"taxonomy":"category","embeddable":true,"href":"https:\/\/www.fhycs.unam.edu.ar\/portada\/wp-json\/wp\/v2\/categories?post=39267"},{"taxonomy":"post_tag","embeddable":true,"href":"https:\/\/www.fhycs.unam.edu.ar\/portada\/wp-json\/wp\/v2\/tags?post=39267"}],"curies":[{"name":"wp","href":"https:\/\/api.w.org\/{rel}","templated":true}]}}