{"id":39415,"date":"2025-02-11T09:24:09","date_gmt":"2025-02-11T12:24:09","guid":{"rendered":"https:\/\/www.fhycs.unam.edu.ar\/portada\/?p=39415"},"modified":"2025-03-20T08:12:34","modified_gmt":"2025-03-20T11:12:34","slug":"llamado-a-concursos-docentes-8","status":"publish","type":"post","link":"https:\/\/www.fhycs.unam.edu.ar\/portada\/llamado-a-concursos-docentes-8\/","title":{"rendered":"Llamado a Concursos Docentes"},"content":{"rendered":"<p><strong>LA FACULTAD DE HUMANIDADES Y CIENCIAS SOCIALES DE LA UNaM<\/strong><\/p>\n<p><strong>LLAMA A CONCURSOS P\u00daBLICOS Y ABIERTOS, DE ANTECEDENTES Y OPOSICI\u00d3N PARA COBERTURA DE CARGOS DOCENTES<\/strong><\/p>\n<table width=\"106%\">\n<thead>\n<tr>\n<td width=\"4%\"><strong>N\u00b0<\/strong><\/td>\n<td width=\"24%\"><strong>CARGO<\/strong><\/td>\n<td width=\"23%\"><strong>ASIGNATURA<\/strong><\/td>\n<td width=\"30%\"><strong>CARRERA<\/strong><\/td>\n<td width=\"17%\"><strong>PLAZO DE INSCRIPCION<\/strong><\/td>\n<\/tr>\n<tr>\n<td width=\"4%\"><strong>\u00a0<\/strong><\/p>\n<p><strong>1<\/strong><\/td>\n<td width=\"24%\"><strong>PROFESOR\/A<\/strong><\/p>\n<p><strong>ADJUNTO<\/strong><\/p>\n<p><strong>Dedicaci\u00f3n Simple<\/strong><\/p>\n<p><strong>(1 cargo)<\/strong><\/td>\n<td width=\"23%\"><strong>\u00a0<\/strong><\/p>\n<p><strong>\u201cTEOR\u00cdA DEL PERIODISMO\u201d <\/strong>(Cuatrimestral) con afectaci\u00f3n a<strong> \u201cCOMUNICACI\u00d3N I\u201d <\/strong>(Anual).<\/p>\n<p><a href=\"https:\/\/www.fhycs.unam.edu.ar\/portada\/wp-content\/uploads\/2025\/02\/Resolucion-001-25-TEORIA-DEL-PERIODISMO.pdf\" target=\"_blank\" rel=\"noopener\">Resoluci\u00f3n C.D. N\u00ba 001\/25<\/a><\/td>\n<td width=\"30%\">\u00b7\u00a0\u00a0 Licenciatura en Comunicaci\u00f3n Social<\/td>\n<td width=\"17%\"><strong>Desde: 10\/02\/25<\/strong><\/p>\n<p><strong>Hasta: 28\/02\/25<\/strong><\/td>\n<\/tr>\n<tr>\n<td width=\"4%\"><strong>\u00a0<\/strong><\/p>\n<p><strong>2<\/strong><\/td>\n<td width=\"24%\"><strong>\u00a0<\/strong><\/p>\n<p><strong>PROFESOR\/A<\/strong><\/p>\n<p><strong>ADJUNTO<\/strong><\/p>\n<p><strong>Dedicaci\u00f3n Simple<\/strong><\/p>\n<p><strong>(1 cargo)<\/strong><\/p>\n<p><strong>\u00a0<\/strong><\/td>\n<td width=\"23%\"><strong>TEORIA SOCIAL<\/strong><\/p>\n<p>(Anual)<\/p>\n<p><a href=\"https:\/\/www.fhycs.unam.edu.ar\/portada\/wp-content\/uploads\/2025\/02\/RESOLUCION-002-25-TEORIA-SOCIAL.pdf\" target=\"_blank\" rel=\"noopener\">Resoluci\u00f3n C.D. N\u00ba 002 \/25<\/a><\/td>\n<td width=\"30%\">\u00b7\u00a0\u00a0 Licenciatura en Comunicaci\u00f3n Social<\/td>\n<td width=\"17%\"><strong>Desde: 11\/02\/25<\/strong><\/p>\n<p><strong>Hasta: 05\/03\/25<\/strong><\/td>\n<\/tr>\n<tr>\n<td width=\"4%\"><strong>\u00a0<\/strong><\/p>\n<p><strong>3<\/strong><\/td>\n<td width=\"24%\"><strong>PROFESOR\/A<\/strong><\/p>\n<p><strong>ADJUNTO<\/strong><\/p>\n<p><strong>Dedicaci\u00f3n Simple<\/strong><\/p>\n<p><strong>(1 cargo)<\/strong><\/p>\n<p>&nbsp;<\/td>\n<td width=\"23%\"><strong>INTRODUCCION AL CONOCIMEINTO DE LA SOCIEDAD Y EL ESTADO <\/strong>(cuatrimestral- doble dictado)<\/p>\n<p><a href=\"https:\/\/www.fhycs.unam.edu.ar\/portada\/wp-content\/uploads\/2025\/02\/Resolucion-003-INT-RODUCCION-A-LA-SOCIEDAD-Y-EL-ESTADO.pdf\" target=\"_blank\" rel=\"noopener\">Resoluci\u00f3n C.D. N\u00ba003\/25<\/a><\/td>\n<td width=\"30%\">&nbsp;<\/p>\n<p>\u00b7\u00a0\u00a0 Licenciatura en Trabajo Social<\/p>\n<p>&nbsp;<\/td>\n<td width=\"17%\"><strong>Desde: 12\/02\/25<\/strong><\/p>\n<p><strong>Hasta: 06\/03\/25<\/strong><\/td>\n<\/tr>\n<tr>\n<td width=\"4%\"><strong>4 <\/strong><\/td>\n<td width=\"24%\"><strong>PROFESOR\/A<\/strong><\/p>\n<p><strong>ADJUNTO<\/strong><\/p>\n<p><strong>Dedicaci\u00f3n Simple<\/strong><\/p>\n<p><strong>(1 cargo)<\/strong><\/td>\n<td width=\"23%\"><strong>\u201cTRABAJO SOCIAL CONCEPTUALIZACION Y PERSPECTIVA\u201d <\/strong>(Anual) con afectaci\u00f3n a<strong> \u201cTALLER I: CONFIGURACION DE PROBLEMAS SOCIALES\u201d <\/strong>(Anual)<\/p>\n<p><a href=\"https:\/\/www.fhycs.unam.edu.ar\/portada\/wp-content\/uploads\/2025\/02\/Resolucion-004-TRABAJO-SOCIAL-CONCEPTUALLIZACION-Y-PERSPECTIVAS.pdf\" target=\"_blank\" rel=\"noopener\">Resoluci\u00f3n C.D. N\u00ba004\/25<\/a><strong>\u00a0<\/strong><\/td>\n<td width=\"30%\">\u00b7\u00a0 Licenciatura en Trabajo Social<\/td>\n<td width=\"17%\"><strong>Desde: 13\/02\/25<\/strong><\/p>\n<p><strong>Hasta: 07\/03\/25<\/strong><\/td>\n<\/tr>\n<tr>\n<td width=\"4%\"><strong>\u00a0<\/strong><\/p>\n<p><strong>5<\/strong><\/td>\n<td width=\"24%\"><strong>PROFESOR\/A<\/strong><\/p>\n<p><strong>Jefe de Trabajos Pr\u00e1cticos<\/strong><\/p>\n<p><strong>Dedicaci\u00f3n Simple<\/strong><\/p>\n<p><strong>(1 cargo)<\/strong><\/td>\n<td width=\"23%\"><strong>\u00a0<\/strong><strong>TALLER II: APROXIMACION AL CAMPO DE LA ACTUACION PROFESIONAL<\/strong><\/p>\n<p>(Anual)<\/p>\n<p><a href=\"https:\/\/www.fhycs.unam.edu.ar\/portada\/wp-content\/uploads\/2025\/02\/Taller-II_0001.pdf\" target=\"_blank\" rel=\"noopener\">Resoluci\u00f3n C.D. N\u00ba005\/25<\/a><strong>\u00a0<\/strong><\/td>\n<td width=\"30%\">\u00b7\u00a0 Licenciatura en Trabajo Social<\/td>\n<td width=\"17%\"><strong>Desde: 14\/02\/25<\/strong><\/p>\n<p><strong>Hasta: 10\/03\/25<\/strong><\/td>\n<\/tr>\n<\/thead>\n<\/table>\n<p><strong>INFORMES E INSCRIPCI\u00d3NES PRESENCIALES<\/strong>: Direcci\u00f3n de Desarrollo Curricular- Departamento de Concursos Docentes \u2013 Secretar\u00eda Acad\u00e9mica Adjunta, 1er Piso &#8211; Facultad de Humanidades y Ciencias Sociales &#8211; U.Na.M. &#8211; Calle Tucum\u00e1n N\u00ba 1946 \u2013 Posadas &#8211; Misiones.<\/p>\n<p><strong>CONSULTAS AL CORREO ELECTR\u00d3NICO<\/strong>: <a href=\"mailto:concursosdocentes@fhycs.unam.edu.ar\">concursosdocentes@fhycs.unam.edu.ar<\/a><\/p>\n<p><strong>HORARIO DE INFORMES E INSCRIPCI\u00d3NES PRESENCIALES<\/strong>: lunes a Viernes de 07:00 a 11:00 hs.<\/p>\n<p><strong>REQUISITOS<\/strong>: Poseer T\u00edtulo de Grado Universitario; Acreditar Formaci\u00f3n y labor en Docencia Universitaria, de acuerdo al cargo concursado (Art\u00edculos 9\u00ba al 11\u00ba de la Ordenanza CS N\u00ba 082\/17 y Art\u00edculo 5\u00ba, de la Ordenanza CS N\u00ba 084\/21) y requisitos de Perfil, estipulados en cada llamado a concurso.<\/p>\n<p>P\u00e1gina Web http\/\/www.fhycs.unam.edu.ar \u2013 T.E. 4434344 \u2013 Interno 112.<\/p>\n","protected":false},"excerpt":{"rendered":"<p>LA FACULTAD DE HUMANIDADES Y CIENCIAS SOCIALES DE LA UNaM LLAMA A CONCURSOS P\u00daBLICOS Y ABIERTOS, DE ANTECEDENTES Y OPOSICI\u00d3N PARA COBERTURA DE CARGOS DOCENTES N\u00b0 CARGO ASIGNATURA CARRERA PLAZO DE INSCRIPCION \u00a0 1 PROFESOR\/A ADJUNTO Dedicaci\u00f3n Simple (1 cargo) \u00a0 \u201cTEOR\u00cdA DEL PERIODISMO\u201d (Cuatrimestral) con afectaci\u00f3n a \u201cCOMUNICACI\u00d3N I\u201d (Anual). Resoluci\u00f3n C.D. N\u00ba 001\/25 [&hellip;]<\/p>\n","protected":false},"author":10,"featured_media":18316,"comment_status":"closed","ping_status":"closed","sticky":false,"template":"","format":"standard","meta":{"extendify_custom_stylesheet":""},"categories":[1],"tags":[5,5770],"_links":{"self":[{"href":"https:\/\/www.fhycs.unam.edu.ar\/portada\/wp-json\/wp\/v2\/posts\/39415"}],"collection":[{"href":"https:\/\/www.fhycs.unam.edu.ar\/portada\/wp-json\/wp\/v2\/posts"}],"about":[{"href":"https:\/\/www.fhycs.unam.edu.ar\/portada\/wp-json\/wp\/v2\/types\/post"}],"author":[{"embeddable":true,"href":"https:\/\/www.fhycs.unam.edu.ar\/portada\/wp-json\/wp\/v2\/users\/10"}],"replies":[{"embeddable":true,"href":"https:\/\/www.fhycs.unam.edu.ar\/portada\/wp-json\/wp\/v2\/comments?post=39415"}],"version-history":[{"count":6,"href":"https:\/\/www.fhycs.unam.edu.ar\/portada\/wp-json\/wp\/v2\/posts\/39415\/revisions"}],"predecessor-version":[{"id":39448,"href":"https:\/\/www.fhycs.unam.edu.ar\/portada\/wp-json\/wp\/v2\/posts\/39415\/revisions\/39448"}],"wp:featuredmedia":[{"embeddable":true,"href":"https:\/\/www.fhycs.unam.edu.ar\/portada\/wp-json\/wp\/v2\/media\/18316"}],"wp:attachment":[{"href":"https:\/\/www.fhycs.unam.edu.ar\/portada\/wp-json\/wp\/v2\/media?parent=39415"}],"wp:term":[{"taxonomy":"category","embeddable":true,"href":"https:\/\/www.fhycs.unam.edu.ar\/portada\/wp-json\/wp\/v2\/categories?post=39415"},{"taxonomy":"post_tag","embeddable":true,"href":"https:\/\/www.fhycs.unam.edu.ar\/portada\/wp-json\/wp\/v2\/tags?post=39415"}],"curies":[{"name":"wp","href":"https:\/\/api.w.org\/{rel}","templated":true}]}}