{"id":39553,"date":"2025-02-26T10:27:27","date_gmt":"2025-02-26T13:27:27","guid":{"rendered":"https:\/\/www.fhycs.unam.edu.ar\/portada\/?p=39553"},"modified":"2025-02-26T10:27:27","modified_gmt":"2025-02-26T13:27:27","slug":"curso-de-lengua-de-senas-argentina-nivel-basico","status":"publish","type":"post","link":"https:\/\/www.fhycs.unam.edu.ar\/portada\/curso-de-lengua-de-senas-argentina-nivel-basico\/","title":{"rendered":"Curso de Lengua de Se\u00f1as Argentina nivel b\u00e1sico"},"content":{"rendered":"<p><img loading=\"lazy\" class=\"size-medium wp-image-39554 alignleft\" src=\"https:\/\/www.fhycs.unam.edu.ar\/portada\/wp-content\/uploads\/2025\/02\/BASICO-300x300.png\" alt=\"\" width=\"300\" height=\"300\" srcset=\"https:\/\/www.fhycs.unam.edu.ar\/portada\/wp-content\/uploads\/2025\/02\/BASICO-300x300.png 300w, https:\/\/www.fhycs.unam.edu.ar\/portada\/wp-content\/uploads\/2025\/02\/BASICO-1024x1024.png 1024w, https:\/\/www.fhycs.unam.edu.ar\/portada\/wp-content\/uploads\/2025\/02\/BASICO-150x150.png 150w, https:\/\/www.fhycs.unam.edu.ar\/portada\/wp-content\/uploads\/2025\/02\/BASICO-768x768.png 768w, https:\/\/www.fhycs.unam.edu.ar\/portada\/wp-content\/uploads\/2025\/02\/BASICO.png 1080w\" sizes=\"(max-width: 300px) 100vw, 300px\" \/><\/p>\n<p>Tenemos el agrado de comunicar que est\u00e1 abierta la inscripci\u00f3n al Curso de Lengua de Se\u00f1as Argentina y Cultura Sorda Nivel B\u00e1sico 2025.<\/p>\n<p>Destinado a todas las personas mayores de 18 a\u00f1os.<\/p>\n<p>Inicia el 11 de marzo de 2025, dict\u00e1ndose los martes de 19 a 21 horas, con una duraci\u00f3n de 4 meses.<!--more--><\/p>\n<p>Inscripci\u00f3n en el link: <a href=\"https:\/\/forms.gle\/BA2Gvt1hRz1dRqV36\" target=\"_blank\" rel=\"noopener\">https:\/\/forms.gle\/BA2Gvt1hRz1dRqV36<\/a><\/p>\n<p>Se entregar\u00e1n los certificados correspondientes, seg\u00fan Resol. HCD FHyCS N\u00b0 215\/24 del Programa Permanente de Conocimiento de Lengua de Se\u00f1as Argentina y Cultura Sorda. Cuenta con un valor de inscripci\u00f3n y abono mensual m\u00ednimos.<\/p>\n<p>La Lengua de Se\u00f1as permite comunicarse a las personas sordas, quienes se encuentran con barreras comunicativas en diferentes \u00e1mbitos, por lo que aprender esta lengua nos permitir\u00e1 promover la accesibilidad y ser parte de una sociedad m\u00e1s inclusiva.<\/p>\n<p>Para consultas comunicarse al correo: cursolsafhycs@gmail.com o al celular 3755 55-2092 Damaris.<\/p>\n","protected":false},"excerpt":{"rendered":"<p>Tenemos el agrado de comunicar que est\u00e1 abierta la inscripci\u00f3n al Curso de Lengua de Se\u00f1as Argentina y Cultura Sorda Nivel B\u00e1sico 2025. Destinado a todas las personas mayores de 18 a\u00f1os. Inicia el 11 de marzo de 2025, dict\u00e1ndose los martes de 19 a 21 horas, con una duraci\u00f3n de 4 meses.<\/p>\n","protected":false},"author":10,"featured_media":0,"comment_status":"closed","ping_status":"closed","sticky":false,"template":"","format":"standard","meta":{"extendify_custom_stylesheet":""},"categories":[4661],"tags":[6041,5],"_links":{"self":[{"href":"https:\/\/www.fhycs.unam.edu.ar\/portada\/wp-json\/wp\/v2\/posts\/39553"}],"collection":[{"href":"https:\/\/www.fhycs.unam.edu.ar\/portada\/wp-json\/wp\/v2\/posts"}],"about":[{"href":"https:\/\/www.fhycs.unam.edu.ar\/portada\/wp-json\/wp\/v2\/types\/post"}],"author":[{"embeddable":true,"href":"https:\/\/www.fhycs.unam.edu.ar\/portada\/wp-json\/wp\/v2\/users\/10"}],"replies":[{"embeddable":true,"href":"https:\/\/www.fhycs.unam.edu.ar\/portada\/wp-json\/wp\/v2\/comments?post=39553"}],"version-history":[{"count":1,"href":"https:\/\/www.fhycs.unam.edu.ar\/portada\/wp-json\/wp\/v2\/posts\/39553\/revisions"}],"predecessor-version":[{"id":39555,"href":"https:\/\/www.fhycs.unam.edu.ar\/portada\/wp-json\/wp\/v2\/posts\/39553\/revisions\/39555"}],"wp:attachment":[{"href":"https:\/\/www.fhycs.unam.edu.ar\/portada\/wp-json\/wp\/v2\/media?parent=39553"}],"wp:term":[{"taxonomy":"category","embeddable":true,"href":"https:\/\/www.fhycs.unam.edu.ar\/portada\/wp-json\/wp\/v2\/categories?post=39553"},{"taxonomy":"post_tag","embeddable":true,"href":"https:\/\/www.fhycs.unam.edu.ar\/portada\/wp-json\/wp\/v2\/tags?post=39553"}],"curies":[{"name":"wp","href":"https:\/\/api.w.org\/{rel}","templated":true}]}}