{"id":39607,"date":"2025-03-14T12:08:13","date_gmt":"2025-03-14T15:08:13","guid":{"rendered":"https:\/\/www.fhycs.unam.edu.ar\/portada\/?p=39607"},"modified":"2025-03-14T12:08:13","modified_gmt":"2025-03-14T15:08:13","slug":"acto-de-cierre-y-entrega-de-certificaciones-2da-cohorte-de-la-diplomatura-en-prevencion-de-consumos-problematicos-y-adicciones-desde-los-derechos-y-el-abordaje-territorial","status":"publish","type":"post","link":"https:\/\/www.fhycs.unam.edu.ar\/portada\/acto-de-cierre-y-entrega-de-certificaciones-2da-cohorte-de-la-diplomatura-en-prevencion-de-consumos-problematicos-y-adicciones-desde-los-derechos-y-el-abordaje-territorial\/","title":{"rendered":"Acto de Cierre y Entrega de Certificaciones &#8211; 2da Cohorte de la Diplomatura en Prevenci\u00f3n de Consumos Problem\u00e1ticos y Adicciones desde los Derechos y el Abordaje Territorial"},"content":{"rendered":"<h3 data-start=\"61\" data-end=\"242\"><img loading=\"lazy\" class=\"size-medium wp-image-39608 alignleft\" src=\"https:\/\/www.fhycs.unam.edu.ar\/portada\/wp-content\/uploads\/2025\/03\/cierre-240x300.png\" alt=\"\" width=\"240\" height=\"300\" srcset=\"https:\/\/www.fhycs.unam.edu.ar\/portada\/wp-content\/uploads\/2025\/03\/cierre-240x300.png 240w, https:\/\/www.fhycs.unam.edu.ar\/portada\/wp-content\/uploads\/2025\/03\/cierre-819x1024.png 819w, https:\/\/www.fhycs.unam.edu.ar\/portada\/wp-content\/uploads\/2025\/03\/cierre-768x960.png 768w, https:\/\/www.fhycs.unam.edu.ar\/portada\/wp-content\/uploads\/2025\/03\/cierre.png 1080w\" sizes=\"(max-width: 240px) 100vw, 240px\" \/><\/h3>\n<p data-start=\"244\" data-end=\"764\">Nos complace invitarte al <strong data-start=\"270\" data-end=\"317\">Acto de Cierre y Entrega de Certificaciones<\/strong> de la <strong data-start=\"324\" data-end=\"343\">segunda cohorte<\/strong> de la Diplomatura en <strong data-start=\"365\" data-end=\"463\">Prevenci\u00f3n de Consumos Problem\u00e1ticos y Adicciones desde los Derechos y el Abordaje Territorial<\/strong> (Resoluci\u00f3n HCD N\u00b0 170\/2023). Este evento representa un hito en el proceso de formaci\u00f3n de nuestros estudiantes, quienes han transitado un camino de aprendizaje profundo y comprometido con la construcci\u00f3n de estrategias de intervenci\u00f3n m\u00e1s humanas y territoriales frente a los consumos problem\u00e1ticos.<!--more--><\/p>\n<p data-start=\"766\" data-end=\"790\"><strong data-start=\"766\" data-end=\"790\">Detalles del evento:<\/strong><\/p>\n<ul data-start=\"791\" data-end=\"964\">\n<li data-start=\"791\" data-end=\"823\"><strong data-start=\"793\" data-end=\"802\">Fecha<\/strong>: 21 de marzo de 2025<\/li>\n<li data-start=\"824\" data-end=\"847\"><strong data-start=\"826\" data-end=\"837\">Horario<\/strong>: 16:00 hs<\/li>\n<li data-start=\"848\" data-end=\"964\"><strong data-start=\"850\" data-end=\"859\">Lugar<\/strong>: Facultad de Humanidades y Ciencias Sociales, Aula 1, 3er piso, Edificio Figueredo, Ingreso por Tucum\u00e1n 1946.<\/li>\n<\/ul>\n<p data-start=\"966\" data-end=\"1252\">El acto de cierre ser\u00e1 una oportunidad para reconocer el esfuerzo de los estudiantes y compartir los logros alcanzados en esta importante diplomatura, que pone \u00e9nfasis en la prevenci\u00f3n y el tratamiento de los consumos problem\u00e1ticos desde un enfoque de derechos y el trabajo territorial.<\/p>\n<p data-start=\"1254\" data-end=\"1388\">\u00a1Te esperamos para celebrar este logro conjunto y seguir impulsando el compromiso con la salud y el bienestar de nuestras comunidades!<\/p>\n","protected":false},"excerpt":{"rendered":"<p>Nos complace invitarte al Acto de Cierre y Entrega de Certificaciones de la segunda cohorte de la Diplomatura en Prevenci\u00f3n de Consumos Problem\u00e1ticos y Adicciones desde los Derechos y el Abordaje Territorial (Resoluci\u00f3n HCD N\u00b0 170\/2023). Este evento representa un hito en el proceso de formaci\u00f3n de nuestros estudiantes, quienes han transitado un camino de [&hellip;]<\/p>\n","protected":false},"author":10,"featured_media":0,"comment_status":"closed","ping_status":"closed","sticky":false,"template":"","format":"standard","meta":{"extendify_custom_stylesheet":""},"categories":[1],"tags":[6050,5],"_links":{"self":[{"href":"https:\/\/www.fhycs.unam.edu.ar\/portada\/wp-json\/wp\/v2\/posts\/39607"}],"collection":[{"href":"https:\/\/www.fhycs.unam.edu.ar\/portada\/wp-json\/wp\/v2\/posts"}],"about":[{"href":"https:\/\/www.fhycs.unam.edu.ar\/portada\/wp-json\/wp\/v2\/types\/post"}],"author":[{"embeddable":true,"href":"https:\/\/www.fhycs.unam.edu.ar\/portada\/wp-json\/wp\/v2\/users\/10"}],"replies":[{"embeddable":true,"href":"https:\/\/www.fhycs.unam.edu.ar\/portada\/wp-json\/wp\/v2\/comments?post=39607"}],"version-history":[{"count":1,"href":"https:\/\/www.fhycs.unam.edu.ar\/portada\/wp-json\/wp\/v2\/posts\/39607\/revisions"}],"predecessor-version":[{"id":39609,"href":"https:\/\/www.fhycs.unam.edu.ar\/portada\/wp-json\/wp\/v2\/posts\/39607\/revisions\/39609"}],"wp:attachment":[{"href":"https:\/\/www.fhycs.unam.edu.ar\/portada\/wp-json\/wp\/v2\/media?parent=39607"}],"wp:term":[{"taxonomy":"category","embeddable":true,"href":"https:\/\/www.fhycs.unam.edu.ar\/portada\/wp-json\/wp\/v2\/categories?post=39607"},{"taxonomy":"post_tag","embeddable":true,"href":"https:\/\/www.fhycs.unam.edu.ar\/portada\/wp-json\/wp\/v2\/tags?post=39607"}],"curies":[{"name":"wp","href":"https:\/\/api.w.org\/{rel}","templated":true}]}}