{"id":39633,"date":"2025-03-27T12:45:39","date_gmt":"2025-03-27T15:45:39","guid":{"rendered":"https:\/\/www.fhycs.unam.edu.ar\/portada\/?p=39633"},"modified":"2025-03-27T12:45:39","modified_gmt":"2025-03-27T15:45:39","slug":"arranca-la-edicion-2025-del-ciclo-de-cine-y-rock-con-kapanga-todo-terreno","status":"publish","type":"post","link":"https:\/\/www.fhycs.unam.edu.ar\/portada\/arranca-la-edicion-2025-del-ciclo-de-cine-y-rock-con-kapanga-todo-terreno\/","title":{"rendered":"Arranca la edici\u00f3n 2025 del Ciclo de Cine y Rock con Kapanga Todo Terreno"},"content":{"rendered":"<p><img loading=\"lazy\" class=\"size-medium wp-image-39634 alignleft\" src=\"https:\/\/www.fhycs.unam.edu.ar\/portada\/wp-content\/uploads\/2025\/03\/kapanga-300x300.jpeg\" alt=\"\" width=\"300\" height=\"300\" srcset=\"https:\/\/www.fhycs.unam.edu.ar\/portada\/wp-content\/uploads\/2025\/03\/kapanga-300x300.jpeg 300w, https:\/\/www.fhycs.unam.edu.ar\/portada\/wp-content\/uploads\/2025\/03\/kapanga-1024x1024.jpeg 1024w, https:\/\/www.fhycs.unam.edu.ar\/portada\/wp-content\/uploads\/2025\/03\/kapanga-150x150.jpeg 150w, https:\/\/www.fhycs.unam.edu.ar\/portada\/wp-content\/uploads\/2025\/03\/kapanga-768x768.jpeg 768w, https:\/\/www.fhycs.unam.edu.ar\/portada\/wp-content\/uploads\/2025\/03\/kapanga.jpeg 1400w\" sizes=\"(max-width: 300px) 100vw, 300px\" \/><\/p>\n<p>El Ciclo de Cine y Rock vuelve a la pantalla con su edici\u00f3n 2025 y lo hace con una pel\u00edcula de culto: Kapanga Todo Terreno. La proyecci\u00f3n ser\u00e1 este jueves 27 a las 19:30 en el Sal\u00f3n de Usos M\u00faltiples del Edificio Juan Figueredo de la Facultad de Humanidades y Ciencias Sociales de la UNaM (Tucum\u00e1n casi Col\u00f3n, acceso por Tucum\u00e1n).<!--more--><\/p>\n<p>Este evento, organizado por el Proyecto de Extensi\u00f3n &#8220;Haciendo Cosas Raras, Ciclo de Cine y Rock&#8221; se convirti\u00f3 en un espacio clave para la comunidad universitaria y el p\u00fablico en general, fusionando el cine con la m\u00fasica y promoviendo encuentros en torno a pel\u00edculas que exploran el universo del rock desde diferentes perspectivas.<\/p>\n<p>En esta octava edici\u00f3n, la pelicula elegida para dar inicio al ciclo es Kapanga Todo Terreno, una comedia delirante dirigida por Paulo Soria y Pablo Par\u00e9s, estrenada en 2009. El filme sigue las desventuras de seis alba\u00f1iles\u2014El Mono, Maikel, Balde, Mafia, Mariano y Memo\u2014que sue\u00f1an con dejar la obra para dedicarse a la m\u00fasica y al asado. Para lograrlo, se inscriben en un concurso de bandas beat, pero lo que parec\u00eda un camino simple se convierte en una odisea plagada de secuestros, monstruos y exorcismos. Entre conseguir instrumentos y encontrar groupies, los protagonistas se enfrentan a lo impensado en una historia tan absurda como divertida.<\/p>\n<p>Desde el equipo organizador destacan la importancia de inaugurar el ciclo con una propuesta descontracturada: &#8220;Nos gust\u00f3 la idea de abrir esta edici\u00f3n con una pel\u00edcula que invite a la risa y al disfrute colectivo. Kapanga Todo Terreno encaja perfecto porque mezcla humor, m\u00fasica y situaciones inesperadas, en un tono que refleja el esp\u00edritu del ciclo&#8221;.<\/p>\n<p>Con entrada libre y gratuita, la invitaci\u00f3n est\u00e1 abierta a todo aquel que quiera sumarse a una noche de cine, rock y risas<\/p>\n","protected":false},"excerpt":{"rendered":"<p>El Ciclo de Cine y Rock vuelve a la pantalla con su edici\u00f3n 2025 y lo hace con una pel\u00edcula de culto: Kapanga Todo Terreno. La proyecci\u00f3n ser\u00e1 este jueves 27 a las 19:30 en el Sal\u00f3n de Usos M\u00faltiples del Edificio Juan Figueredo de la Facultad de Humanidades y Ciencias Sociales de la UNaM [&hellip;]<\/p>\n","protected":false},"author":10,"featured_media":0,"comment_status":"closed","ping_status":"closed","sticky":false,"template":"","format":"standard","meta":{"extendify_custom_stylesheet":""},"categories":[4516],"tags":[6055,5],"_links":{"self":[{"href":"https:\/\/www.fhycs.unam.edu.ar\/portada\/wp-json\/wp\/v2\/posts\/39633"}],"collection":[{"href":"https:\/\/www.fhycs.unam.edu.ar\/portada\/wp-json\/wp\/v2\/posts"}],"about":[{"href":"https:\/\/www.fhycs.unam.edu.ar\/portada\/wp-json\/wp\/v2\/types\/post"}],"author":[{"embeddable":true,"href":"https:\/\/www.fhycs.unam.edu.ar\/portada\/wp-json\/wp\/v2\/users\/10"}],"replies":[{"embeddable":true,"href":"https:\/\/www.fhycs.unam.edu.ar\/portada\/wp-json\/wp\/v2\/comments?post=39633"}],"version-history":[{"count":1,"href":"https:\/\/www.fhycs.unam.edu.ar\/portada\/wp-json\/wp\/v2\/posts\/39633\/revisions"}],"predecessor-version":[{"id":39635,"href":"https:\/\/www.fhycs.unam.edu.ar\/portada\/wp-json\/wp\/v2\/posts\/39633\/revisions\/39635"}],"wp:attachment":[{"href":"https:\/\/www.fhycs.unam.edu.ar\/portada\/wp-json\/wp\/v2\/media?parent=39633"}],"wp:term":[{"taxonomy":"category","embeddable":true,"href":"https:\/\/www.fhycs.unam.edu.ar\/portada\/wp-json\/wp\/v2\/categories?post=39633"},{"taxonomy":"post_tag","embeddable":true,"href":"https:\/\/www.fhycs.unam.edu.ar\/portada\/wp-json\/wp\/v2\/tags?post=39633"}],"curies":[{"name":"wp","href":"https:\/\/api.w.org\/{rel}","templated":true}]}}