{"id":39880,"date":"2025-04-23T08:05:45","date_gmt":"2025-04-23T11:05:45","guid":{"rendered":"https:\/\/www.fhycs.unam.edu.ar\/portada\/?p=39880"},"modified":"2025-04-23T08:18:52","modified_gmt":"2025-04-23T11:18:52","slug":"capacitacion-en-la-fhycs-por-la-semana-argentina-de-la-salud-y-seguridad-en-el-trabajo","status":"publish","type":"post","link":"https:\/\/www.fhycs.unam.edu.ar\/portada\/capacitacion-en-la-fhycs-por-la-semana-argentina-de-la-salud-y-seguridad-en-el-trabajo\/","title":{"rendered":"Capacitaci\u00f3n en la FHyCS por la Semana Argentina de la Salud y Seguridad en el Trabajo"},"content":{"rendered":"<p><img loading=\"lazy\" class=\"wp-image-39881 alignleft\" src=\"https:\/\/www.fhycs.unam.edu.ar\/portada\/wp-content\/uploads\/2025\/04\/sh-300x212.jpeg\" alt=\"\" width=\"311\" height=\"220\" srcset=\"https:\/\/www.fhycs.unam.edu.ar\/portada\/wp-content\/uploads\/2025\/04\/sh-300x212.jpeg 300w, https:\/\/www.fhycs.unam.edu.ar\/portada\/wp-content\/uploads\/2025\/04\/sh-1024x723.jpeg 1024w, https:\/\/www.fhycs.unam.edu.ar\/portada\/wp-content\/uploads\/2025\/04\/sh-768x543.jpeg 768w, https:\/\/www.fhycs.unam.edu.ar\/portada\/wp-content\/uploads\/2025\/04\/sh.jpeg 1080w\" sizes=\"(max-width: 311px) 100vw, 311px\" \/><\/p>\n<p>Desde el \u00e1rea de Higiene y Seguridad dependiente de la Direcci\u00f3n General de Infraestructura y Servicios, se hace extensiva a toda la comunidad, la formal invitaci\u00f3n a participar de la jornada de capacitaci\u00f3n t\u00e9cnica en el marco de la Semana Argentina de Salud y Seguridad en el trabajo; coordinado por la Unidad de Gesti\u00f3n de Riesgos -UNaM, a realizarse el d\u00eda mi\u00e9rcoles 23 de abril a las 9 hs en el SUM del edificio Juan Figueredo (Col\u00f3n 2368).<\/p>\n<p>Capacitacion de car\u00e1cter de vital importancia en materia de seguridad para todos los agentes de la instituci\u00f3n.<\/p>\n","protected":false},"excerpt":{"rendered":"<p>Desde el \u00e1rea de Higiene y Seguridad dependiente de la Direcci\u00f3n General de Infraestructura y Servicios, se hace extensiva a toda la comunidad, la formal invitaci\u00f3n a participar de la jornada de capacitaci\u00f3n t\u00e9cnica en el marco de la Semana Argentina de Salud y Seguridad en el trabajo; coordinado por la Unidad de Gesti\u00f3n de [&hellip;]<\/p>\n","protected":false},"author":10,"featured_media":0,"comment_status":"closed","ping_status":"closed","sticky":false,"template":"","format":"standard","meta":{"extendify_custom_stylesheet":""},"categories":[1],"tags":[6087,5],"_links":{"self":[{"href":"https:\/\/www.fhycs.unam.edu.ar\/portada\/wp-json\/wp\/v2\/posts\/39880"}],"collection":[{"href":"https:\/\/www.fhycs.unam.edu.ar\/portada\/wp-json\/wp\/v2\/posts"}],"about":[{"href":"https:\/\/www.fhycs.unam.edu.ar\/portada\/wp-json\/wp\/v2\/types\/post"}],"author":[{"embeddable":true,"href":"https:\/\/www.fhycs.unam.edu.ar\/portada\/wp-json\/wp\/v2\/users\/10"}],"replies":[{"embeddable":true,"href":"https:\/\/www.fhycs.unam.edu.ar\/portada\/wp-json\/wp\/v2\/comments?post=39880"}],"version-history":[{"count":3,"href":"https:\/\/www.fhycs.unam.edu.ar\/portada\/wp-json\/wp\/v2\/posts\/39880\/revisions"}],"predecessor-version":[{"id":39884,"href":"https:\/\/www.fhycs.unam.edu.ar\/portada\/wp-json\/wp\/v2\/posts\/39880\/revisions\/39884"}],"wp:attachment":[{"href":"https:\/\/www.fhycs.unam.edu.ar\/portada\/wp-json\/wp\/v2\/media?parent=39880"}],"wp:term":[{"taxonomy":"category","embeddable":true,"href":"https:\/\/www.fhycs.unam.edu.ar\/portada\/wp-json\/wp\/v2\/categories?post=39880"},{"taxonomy":"post_tag","embeddable":true,"href":"https:\/\/www.fhycs.unam.edu.ar\/portada\/wp-json\/wp\/v2\/tags?post=39880"}],"curies":[{"name":"wp","href":"https:\/\/api.w.org\/{rel}","templated":true}]}}