{"id":39967,"date":"2025-05-08T13:13:07","date_gmt":"2025-05-08T16:13:07","guid":{"rendered":"https:\/\/www.fhycs.unam.edu.ar\/portada\/?p=39967"},"modified":"2025-05-08T13:13:07","modified_gmt":"2025-05-08T16:13:07","slug":"%f0%9f%93%9a-lanzamiento-de-dos-postitulos-en-la-fhycs-unam","status":"publish","type":"post","link":"https:\/\/www.fhycs.unam.edu.ar\/portada\/%f0%9f%93%9a-lanzamiento-de-dos-postitulos-en-la-fhycs-unam\/","title":{"rendered":"\ud83d\udcda LANZAMIENTO DE DOS POST\u00cdTULOS EN LA FHyCS \u2013 UNaM"},"content":{"rendered":"<p><img loading=\"lazy\" class=\"size-medium wp-image-39968 alignleft\" src=\"https:\/\/www.fhycs.unam.edu.ar\/portada\/wp-content\/uploads\/2025\/05\/convocatoria-12-240x300.png\" alt=\"\" width=\"240\" height=\"300\" srcset=\"https:\/\/www.fhycs.unam.edu.ar\/portada\/wp-content\/uploads\/2025\/05\/convocatoria-12-240x300.png 240w, https:\/\/www.fhycs.unam.edu.ar\/portada\/wp-content\/uploads\/2025\/05\/convocatoria-12-819x1024.png 819w, https:\/\/www.fhycs.unam.edu.ar\/portada\/wp-content\/uploads\/2025\/05\/convocatoria-12-768x960.png 768w, https:\/\/www.fhycs.unam.edu.ar\/portada\/wp-content\/uploads\/2025\/05\/convocatoria-12.png 1080w\" sizes=\"(max-width: 240px) 100vw, 240px\" \/><\/p>\n<p>La Facultad de Humanidades y Ciencias Sociales de la UNaM tiene el agrado de invitar a la comunidad educativa al lanzamiento de dos nuevas propuestas de formaci\u00f3n docente:<!--more--><\/p>\n<p>Diplomatura Superior en &#8220;Gesti\u00f3n Educativa&#8221;<br \/>\nRes. 018\/25 \u2013 FHyCS-UNaM<br \/>\nUna propuesta dise\u00f1ada para fortalecer las capacidades de gesti\u00f3n en instituciones educativas de nuestra provincia.<\/p>\n<p>\ud83d\udcd8 Actualizaci\u00f3n Acad\u00e9mica en &#8220;Alfabetizaci\u00f3n Inicial&#8221;<br \/>\n\ud83d\udd39 Res. 028\/25 \u2013 MCT<br \/>\nEn el marco del acuerdo entre la FHyCS \u2013 UNaM y el Consejo General de Educaci\u00f3n de Misiones, esta propuesta busca contribuir a la formaci\u00f3n de docentes en los primeros a\u00f1os de la alfabetizaci\u00f3n escolar.<\/p>\n<p>\ud83d\udcc5 Fecha: Lunes 18 de mayo<br \/>\n\ud83d\udd55 Hora: 18:00 hs<br \/>\n\ud83d\udccd Lugar: Sala de Consejo Directivo (Tucum\u00e1n 1946, primer piso, Posadas).<\/p>\n","protected":false},"excerpt":{"rendered":"<p>La Facultad de Humanidades y Ciencias Sociales de la UNaM tiene el agrado de invitar a la comunidad educativa al lanzamiento de dos nuevas propuestas de formaci\u00f3n docente:<\/p>\n","protected":false},"author":10,"featured_media":0,"comment_status":"closed","ping_status":"closed","sticky":false,"template":"","format":"standard","meta":{"extendify_custom_stylesheet":""},"categories":[1],"tags":[5,6102],"_links":{"self":[{"href":"https:\/\/www.fhycs.unam.edu.ar\/portada\/wp-json\/wp\/v2\/posts\/39967"}],"collection":[{"href":"https:\/\/www.fhycs.unam.edu.ar\/portada\/wp-json\/wp\/v2\/posts"}],"about":[{"href":"https:\/\/www.fhycs.unam.edu.ar\/portada\/wp-json\/wp\/v2\/types\/post"}],"author":[{"embeddable":true,"href":"https:\/\/www.fhycs.unam.edu.ar\/portada\/wp-json\/wp\/v2\/users\/10"}],"replies":[{"embeddable":true,"href":"https:\/\/www.fhycs.unam.edu.ar\/portada\/wp-json\/wp\/v2\/comments?post=39967"}],"version-history":[{"count":1,"href":"https:\/\/www.fhycs.unam.edu.ar\/portada\/wp-json\/wp\/v2\/posts\/39967\/revisions"}],"predecessor-version":[{"id":39969,"href":"https:\/\/www.fhycs.unam.edu.ar\/portada\/wp-json\/wp\/v2\/posts\/39967\/revisions\/39969"}],"wp:attachment":[{"href":"https:\/\/www.fhycs.unam.edu.ar\/portada\/wp-json\/wp\/v2\/media?parent=39967"}],"wp:term":[{"taxonomy":"category","embeddable":true,"href":"https:\/\/www.fhycs.unam.edu.ar\/portada\/wp-json\/wp\/v2\/categories?post=39967"},{"taxonomy":"post_tag","embeddable":true,"href":"https:\/\/www.fhycs.unam.edu.ar\/portada\/wp-json\/wp\/v2\/tags?post=39967"}],"curies":[{"name":"wp","href":"https:\/\/api.w.org\/{rel}","templated":true}]}}