{"id":39975,"date":"2025-05-12T12:26:28","date_gmt":"2025-05-12T15:26:28","guid":{"rendered":"https:\/\/www.fhycs.unam.edu.ar\/portada\/?p=39975"},"modified":"2025-05-12T12:26:28","modified_gmt":"2025-05-12T15:26:28","slug":"presentacion-del-libro-politica-dictadura-exilio-e-impacto-en-la-familia","status":"publish","type":"post","link":"https:\/\/www.fhycs.unam.edu.ar\/portada\/presentacion-del-libro-politica-dictadura-exilio-e-impacto-en-la-familia\/","title":{"rendered":"Presentaci\u00f3n del libro &#8220;Pol\u00edtica: Dictadura, exilio e impacto en la familia\u201d"},"content":{"rendered":"<p><img loading=\"lazy\" class=\"size-medium wp-image-39976 alignleft\" src=\"https:\/\/www.fhycs.unam.edu.ar\/portada\/wp-content\/uploads\/2025\/05\/dictadura-y-memoria-240x300.png\" alt=\"\" width=\"240\" height=\"300\" srcset=\"https:\/\/www.fhycs.unam.edu.ar\/portada\/wp-content\/uploads\/2025\/05\/dictadura-y-memoria-240x300.png 240w, https:\/\/www.fhycs.unam.edu.ar\/portada\/wp-content\/uploads\/2025\/05\/dictadura-y-memoria-819x1024.png 819w, https:\/\/www.fhycs.unam.edu.ar\/portada\/wp-content\/uploads\/2025\/05\/dictadura-y-memoria-768x960.png 768w, https:\/\/www.fhycs.unam.edu.ar\/portada\/wp-content\/uploads\/2025\/05\/dictadura-y-memoria.png 1080w\" sizes=\"(max-width: 240px) 100vw, 240px\" \/><\/p>\n<p style=\"text-align: left;\">Miguel \u00c1ngel Sanabria y su familia abren el alma para contar lo que muchos callan: persecuci\u00f3n, exilio, dolor y ra\u00edces reencontradas. Un testimonio colectivo que desnuda heridas a\u00fan abiertas y honra la memoria de quienes resistieron en silencio.<!--more--><\/p>\n<p>Tres cap\u00edtulos que recorren vivencias marcadas por el desarraigo, la dignidad y el coraje.<\/p>\n<p>Jueves 15 de mayo a las 18:00 hs. en el<br \/>\nSUM del Edificio Juan Figueredo (Col\u00f3n 2368)<\/p>\n","protected":false},"excerpt":{"rendered":"<p>Miguel \u00c1ngel Sanabria y su familia abren el alma para contar lo que muchos callan: persecuci\u00f3n, exilio, dolor y ra\u00edces reencontradas. Un testimonio colectivo que desnuda heridas a\u00fan abiertas y honra la memoria de quienes resistieron en silencio.<\/p>\n","protected":false},"author":10,"featured_media":0,"comment_status":"closed","ping_status":"closed","sticky":false,"template":"","format":"standard","meta":{"extendify_custom_stylesheet":""},"categories":[1899],"tags":[6104,5,6103],"_links":{"self":[{"href":"https:\/\/www.fhycs.unam.edu.ar\/portada\/wp-json\/wp\/v2\/posts\/39975"}],"collection":[{"href":"https:\/\/www.fhycs.unam.edu.ar\/portada\/wp-json\/wp\/v2\/posts"}],"about":[{"href":"https:\/\/www.fhycs.unam.edu.ar\/portada\/wp-json\/wp\/v2\/types\/post"}],"author":[{"embeddable":true,"href":"https:\/\/www.fhycs.unam.edu.ar\/portada\/wp-json\/wp\/v2\/users\/10"}],"replies":[{"embeddable":true,"href":"https:\/\/www.fhycs.unam.edu.ar\/portada\/wp-json\/wp\/v2\/comments?post=39975"}],"version-history":[{"count":1,"href":"https:\/\/www.fhycs.unam.edu.ar\/portada\/wp-json\/wp\/v2\/posts\/39975\/revisions"}],"predecessor-version":[{"id":39977,"href":"https:\/\/www.fhycs.unam.edu.ar\/portada\/wp-json\/wp\/v2\/posts\/39975\/revisions\/39977"}],"wp:attachment":[{"href":"https:\/\/www.fhycs.unam.edu.ar\/portada\/wp-json\/wp\/v2\/media?parent=39975"}],"wp:term":[{"taxonomy":"category","embeddable":true,"href":"https:\/\/www.fhycs.unam.edu.ar\/portada\/wp-json\/wp\/v2\/categories?post=39975"},{"taxonomy":"post_tag","embeddable":true,"href":"https:\/\/www.fhycs.unam.edu.ar\/portada\/wp-json\/wp\/v2\/tags?post=39975"}],"curies":[{"name":"wp","href":"https:\/\/api.w.org\/{rel}","templated":true}]}}