{"id":39978,"date":"2025-05-12T12:35:22","date_gmt":"2025-05-12T15:35:22","guid":{"rendered":"https:\/\/www.fhycs.unam.edu.ar\/portada\/?p=39978"},"modified":"2025-05-12T12:49:39","modified_gmt":"2025-05-12T15:49:39","slug":"presentacion-del-libro-el-arte-de-los-cristales-rotos","status":"publish","type":"post","link":"https:\/\/www.fhycs.unam.edu.ar\/portada\/presentacion-del-libro-el-arte-de-los-cristales-rotos\/","title":{"rendered":"presentaci\u00f3n del libro &#8220;El arte de los cristales rotos&#8221;"},"content":{"rendered":"<p><img loading=\"lazy\" class=\"size-medium wp-image-39979 alignleft\" src=\"https:\/\/www.fhycs.unam.edu.ar\/portada\/wp-content\/uploads\/2025\/05\/0-240x300.png\" alt=\"\" width=\"240\" height=\"300\" srcset=\"https:\/\/www.fhycs.unam.edu.ar\/portada\/wp-content\/uploads\/2025\/05\/0-240x300.png 240w, https:\/\/www.fhycs.unam.edu.ar\/portada\/wp-content\/uploads\/2025\/05\/0-819x1024.png 819w, https:\/\/www.fhycs.unam.edu.ar\/portada\/wp-content\/uploads\/2025\/05\/0-768x960.png 768w, https:\/\/www.fhycs.unam.edu.ar\/portada\/wp-content\/uploads\/2025\/05\/0.png 1080w\" sizes=\"(max-width: 240px) 100vw, 240px\" \/><\/p>\n<p>Tenemos el agrado de invitarlos a la presentaci\u00f3n del libro &#8220;El arte de los cristales rotos&#8221; del escritor y profesor misionero C\u00e9sar Batista.<!--more--><\/p>\n<blockquote>\n<h3 style=\"text-align: right;\"><span style=\"color: #008080;\">Ser\u00e1 el lunes 12 de mayo a las 15:30 horas en el SUM del edificio Juan Figueredo.<\/span><\/h3>\n<\/blockquote>\n<p>Esta publicaci\u00f3n aborda una distop\u00eda social, con restricci\u00f3n de la libertad art\u00edstica, ya que es una ficci\u00f3n sobre una sociedad donde el arte no est\u00e1 bien visto, sobre todo la pintura y la m\u00fasica.<\/p>\n<p>Es una invitaci\u00f3n a volver a las ra\u00edces, las tradiciones, donde el esfuerzo y el error son clave para el aprendizaje.<\/p>\n<p>El libro tambi\u00e9n busca incentivar la lectura, sobre todo en los j\u00f3venes y adultos para que tengan un contacto con la literatura regional, con un escritor local, para hacer preguntas, conocer el proceso creativo, destacando que las expresiones art\u00edsticas nos hacen m\u00e1s humanos, en cuanto reflejan lo mejor de nosotros, nuestras emociones.<\/p>\n<p>Organiza la Direcci\u00f3n de Educaci\u00f3n Abierta y a Distancia del SIPTED y la Secretaria General Acad\u00e9mica de la UNaM.<\/p>\n","protected":false},"excerpt":{"rendered":"<p>Tenemos el agrado de invitarlos a la presentaci\u00f3n del libro &#8220;El arte de los cristales rotos&#8221; del escritor y profesor misionero C\u00e9sar Batista.<\/p>\n","protected":false},"author":10,"featured_media":0,"comment_status":"closed","ping_status":"closed","sticky":false,"template":"","format":"standard","meta":{"extendify_custom_stylesheet":""},"categories":[1],"tags":[5,6105],"_links":{"self":[{"href":"https:\/\/www.fhycs.unam.edu.ar\/portada\/wp-json\/wp\/v2\/posts\/39978"}],"collection":[{"href":"https:\/\/www.fhycs.unam.edu.ar\/portada\/wp-json\/wp\/v2\/posts"}],"about":[{"href":"https:\/\/www.fhycs.unam.edu.ar\/portada\/wp-json\/wp\/v2\/types\/post"}],"author":[{"embeddable":true,"href":"https:\/\/www.fhycs.unam.edu.ar\/portada\/wp-json\/wp\/v2\/users\/10"}],"replies":[{"embeddable":true,"href":"https:\/\/www.fhycs.unam.edu.ar\/portada\/wp-json\/wp\/v2\/comments?post=39978"}],"version-history":[{"count":1,"href":"https:\/\/www.fhycs.unam.edu.ar\/portada\/wp-json\/wp\/v2\/posts\/39978\/revisions"}],"predecessor-version":[{"id":39980,"href":"https:\/\/www.fhycs.unam.edu.ar\/portada\/wp-json\/wp\/v2\/posts\/39978\/revisions\/39980"}],"wp:attachment":[{"href":"https:\/\/www.fhycs.unam.edu.ar\/portada\/wp-json\/wp\/v2\/media?parent=39978"}],"wp:term":[{"taxonomy":"category","embeddable":true,"href":"https:\/\/www.fhycs.unam.edu.ar\/portada\/wp-json\/wp\/v2\/categories?post=39978"},{"taxonomy":"post_tag","embeddable":true,"href":"https:\/\/www.fhycs.unam.edu.ar\/portada\/wp-json\/wp\/v2\/tags?post=39978"}],"curies":[{"name":"wp","href":"https:\/\/api.w.org\/{rel}","templated":true}]}}