{"id":40043,"date":"2025-05-21T12:59:59","date_gmt":"2025-05-21T15:59:59","guid":{"rendered":"https:\/\/www.fhycs.unam.edu.ar\/portada\/?p=40043"},"modified":"2025-05-21T13:00:19","modified_gmt":"2025-05-21T16:00:19","slug":"tecnicatura-universitaria-en-abordaje-integral-de-los-cuidados-en-clave-de-genero-y-derechos","status":"publish","type":"post","link":"https:\/\/www.fhycs.unam.edu.ar\/portada\/tecnicatura-universitaria-en-abordaje-integral-de-los-cuidados-en-clave-de-genero-y-derechos\/","title":{"rendered":"Tecnicatura Universitaria en Abordaje Integral de los Cuidados en Clave de G\u00e9nero y Derechos"},"content":{"rendered":"<p><img loading=\"lazy\" class=\"size-medium wp-image-40045 alignleft\" src=\"https:\/\/www.fhycs.unam.edu.ar\/portada\/wp-content\/uploads\/2025\/05\/WhatsApp-Image-2025-05-21-at-12.57.25-255x300.jpeg\" alt=\"\" width=\"255\" height=\"300\" srcset=\"https:\/\/www.fhycs.unam.edu.ar\/portada\/wp-content\/uploads\/2025\/05\/WhatsApp-Image-2025-05-21-at-12.57.25-255x300.jpeg 255w, https:\/\/www.fhycs.unam.edu.ar\/portada\/wp-content\/uploads\/2025\/05\/WhatsApp-Image-2025-05-21-at-12.57.25.jpeg 394w\" sizes=\"(max-width: 255px) 100vw, 255px\" \/><\/p>\n<p>Lanzamiento de la Tecnicatura Universitaria en Abordaje Integral de los Cuidados en Clave de G\u00e9nero y Derechos en el municipio de Panamb\u00ed (Misiones).<\/p>\n<p>Propuesta acad\u00e9mica de la Facultad de Humanidades y Ciencias Sociales y la Escuela de Enfermer\u00eda de la Facultad de Ciencias Exactas Qu\u00edmicas y Naturales.<\/p>\n<p>El acto se realizar\u00e1 el viernes 23 de mayo a las 17hs. en la Delegaci\u00f3n Municipal, ubicada por Av. Federico Puerta, s\/n. Km 8.<\/p>\n<p>\u00a1Los\/as esperamos!<\/p>\n","protected":false},"excerpt":{"rendered":"<p>Lanzamiento de la Tecnicatura Universitaria en Abordaje Integral de los Cuidados en Clave de G\u00e9nero y Derechos en el municipio de Panamb\u00ed (Misiones). Propuesta acad\u00e9mica de la Facultad de Humanidades y Ciencias Sociales y la Escuela de Enfermer\u00eda de la Facultad de Ciencias Exactas Qu\u00edmicas y Naturales. El acto se realizar\u00e1 el viernes 23 de [&hellip;]<\/p>\n","protected":false},"author":10,"featured_media":0,"comment_status":"closed","ping_status":"closed","sticky":false,"template":"","format":"standard","meta":{"extendify_custom_stylesheet":""},"categories":[1],"tags":[5],"_links":{"self":[{"href":"https:\/\/www.fhycs.unam.edu.ar\/portada\/wp-json\/wp\/v2\/posts\/40043"}],"collection":[{"href":"https:\/\/www.fhycs.unam.edu.ar\/portada\/wp-json\/wp\/v2\/posts"}],"about":[{"href":"https:\/\/www.fhycs.unam.edu.ar\/portada\/wp-json\/wp\/v2\/types\/post"}],"author":[{"embeddable":true,"href":"https:\/\/www.fhycs.unam.edu.ar\/portada\/wp-json\/wp\/v2\/users\/10"}],"replies":[{"embeddable":true,"href":"https:\/\/www.fhycs.unam.edu.ar\/portada\/wp-json\/wp\/v2\/comments?post=40043"}],"version-history":[{"count":2,"href":"https:\/\/www.fhycs.unam.edu.ar\/portada\/wp-json\/wp\/v2\/posts\/40043\/revisions"}],"predecessor-version":[{"id":40046,"href":"https:\/\/www.fhycs.unam.edu.ar\/portada\/wp-json\/wp\/v2\/posts\/40043\/revisions\/40046"}],"wp:attachment":[{"href":"https:\/\/www.fhycs.unam.edu.ar\/portada\/wp-json\/wp\/v2\/media?parent=40043"}],"wp:term":[{"taxonomy":"category","embeddable":true,"href":"https:\/\/www.fhycs.unam.edu.ar\/portada\/wp-json\/wp\/v2\/categories?post=40043"},{"taxonomy":"post_tag","embeddable":true,"href":"https:\/\/www.fhycs.unam.edu.ar\/portada\/wp-json\/wp\/v2\/tags?post=40043"}],"curies":[{"name":"wp","href":"https:\/\/api.w.org\/{rel}","templated":true}]}}