{"id":40050,"date":"2025-05-22T12:52:54","date_gmt":"2025-05-22T15:52:54","guid":{"rendered":"https:\/\/www.fhycs.unam.edu.ar\/portada\/?p=40050"},"modified":"2025-05-22T12:52:54","modified_gmt":"2025-05-22T15:52:54","slug":"lanzamiento-de-la-actualizacion-academica-en-alfabetizacion-inicial-y-diplomatura-superior-en-gestion-educativa","status":"publish","type":"post","link":"https:\/\/www.fhycs.unam.edu.ar\/portada\/lanzamiento-de-la-actualizacion-academica-en-alfabetizacion-inicial-y-diplomatura-superior-en-gestion-educativa\/","title":{"rendered":"Lanzamiento de la Actualizaci\u00f3n Acad\u00e9mica en Alfabetizaci\u00f3n Inicial y Diplomatura Superior en Gesti\u00f3n Educativa."},"content":{"rendered":"<p><img loading=\"lazy\" class=\"size-medium wp-image-40051 alignleft\" src=\"https:\/\/www.fhycs.unam.edu.ar\/portada\/wp-content\/uploads\/2025\/05\/3-300x200.jpg\" alt=\"\" width=\"300\" height=\"200\" srcset=\"https:\/\/www.fhycs.unam.edu.ar\/portada\/wp-content\/uploads\/2025\/05\/3-300x200.jpg 300w, https:\/\/www.fhycs.unam.edu.ar\/portada\/wp-content\/uploads\/2025\/05\/3-1024x683.jpg 1024w, https:\/\/www.fhycs.unam.edu.ar\/portada\/wp-content\/uploads\/2025\/05\/3-768x512.jpg 768w, https:\/\/www.fhycs.unam.edu.ar\/portada\/wp-content\/uploads\/2025\/05\/3-1536x1024.jpg 1536w, https:\/\/www.fhycs.unam.edu.ar\/portada\/wp-content\/uploads\/2025\/05\/3-2048x1365.jpg 2048w\" sizes=\"(max-width: 300px) 100vw, 300px\" \/><\/p>\n<p>Dichas ofertas de Post\u00edtulos se desarrollan en marco de la articulaci\u00f3n entre la Direcci\u00f3n de Educaci\u00f3n Superior del Consejo General de Educaci\u00f3n y la Facultad de Humanidades y Ciencias Sociales de la Universidad Nacional de Misiones.<!--more--><\/p>\n<p>La misma ser\u00e1 llevada a cabo por especialistas de ambos organismos acompa\u00f1ados por sus respectivos equipos t\u00e9cnicos.<\/p>\n<p>Estuvieron presente autoridades del gabinete educativo provincial, de gremios docentes que integran la mesa paritaria, Directivos, Docentes y estudiantes destinatarios.<\/p>\n","protected":false},"excerpt":{"rendered":"<p>Dichas ofertas de Post\u00edtulos se desarrollan en marco de la articulaci\u00f3n entre la Direcci\u00f3n de Educaci\u00f3n Superior del Consejo General de Educaci\u00f3n y la Facultad de Humanidades y Ciencias Sociales de la Universidad Nacional de Misiones.<\/p>\n","protected":false},"author":10,"featured_media":0,"comment_status":"closed","ping_status":"closed","sticky":false,"template":"","format":"standard","meta":{"extendify_custom_stylesheet":""},"categories":[1],"tags":[5,6114],"_links":{"self":[{"href":"https:\/\/www.fhycs.unam.edu.ar\/portada\/wp-json\/wp\/v2\/posts\/40050"}],"collection":[{"href":"https:\/\/www.fhycs.unam.edu.ar\/portada\/wp-json\/wp\/v2\/posts"}],"about":[{"href":"https:\/\/www.fhycs.unam.edu.ar\/portada\/wp-json\/wp\/v2\/types\/post"}],"author":[{"embeddable":true,"href":"https:\/\/www.fhycs.unam.edu.ar\/portada\/wp-json\/wp\/v2\/users\/10"}],"replies":[{"embeddable":true,"href":"https:\/\/www.fhycs.unam.edu.ar\/portada\/wp-json\/wp\/v2\/comments?post=40050"}],"version-history":[{"count":1,"href":"https:\/\/www.fhycs.unam.edu.ar\/portada\/wp-json\/wp\/v2\/posts\/40050\/revisions"}],"predecessor-version":[{"id":40052,"href":"https:\/\/www.fhycs.unam.edu.ar\/portada\/wp-json\/wp\/v2\/posts\/40050\/revisions\/40052"}],"wp:attachment":[{"href":"https:\/\/www.fhycs.unam.edu.ar\/portada\/wp-json\/wp\/v2\/media?parent=40050"}],"wp:term":[{"taxonomy":"category","embeddable":true,"href":"https:\/\/www.fhycs.unam.edu.ar\/portada\/wp-json\/wp\/v2\/categories?post=40050"},{"taxonomy":"post_tag","embeddable":true,"href":"https:\/\/www.fhycs.unam.edu.ar\/portada\/wp-json\/wp\/v2\/tags?post=40050"}],"curies":[{"name":"wp","href":"https:\/\/api.w.org\/{rel}","templated":true}]}}