{"id":40074,"date":"2025-05-27T09:13:02","date_gmt":"2025-05-27T12:13:02","guid":{"rendered":"https:\/\/www.fhycs.unam.edu.ar\/portada\/?p=40074"},"modified":"2025-05-27T09:45:53","modified_gmt":"2025-05-27T12:45:53","slug":"acto-de-lanzamiento-de-tecnicatura-universitaria-en-el-municipio-de-panambi-misiones-ar","status":"publish","type":"post","link":"https:\/\/www.fhycs.unam.edu.ar\/portada\/acto-de-lanzamiento-de-tecnicatura-universitaria-en-el-municipio-de-panambi-misiones-ar\/","title":{"rendered":"Acto de lanzamiento de Tecnicatura Universitaria en el municipio de Panamb\u00ed, Misiones (AR)"},"content":{"rendered":"<p>&nbsp;<\/p>\n<p><img loading=\"lazy\" class=\"size-medium wp-image-40075 alignleft\" src=\"https:\/\/www.fhycs.unam.edu.ar\/portada\/wp-content\/uploads\/2025\/05\/IMG-20250526-WA0023-300x225.jpg\" alt=\"\" width=\"300\" height=\"225\" srcset=\"https:\/\/www.fhycs.unam.edu.ar\/portada\/wp-content\/uploads\/2025\/05\/IMG-20250526-WA0023-300x225.jpg 300w, https:\/\/www.fhycs.unam.edu.ar\/portada\/wp-content\/uploads\/2025\/05\/IMG-20250526-WA0023-1024x768.jpg 1024w, https:\/\/www.fhycs.unam.edu.ar\/portada\/wp-content\/uploads\/2025\/05\/IMG-20250526-WA0023-768x576.jpg 768w, https:\/\/www.fhycs.unam.edu.ar\/portada\/wp-content\/uploads\/2025\/05\/IMG-20250526-WA0023.jpg 1280w\" sizes=\"(max-width: 300px) 100vw, 300px\" \/><\/p>\n<p>El viernes 23 de mayo del presente a\u00f1o, en hora de la tarde, se realiz\u00f3 el lanzamiento de la Tecnicatura Universitaria en el Abordaje Integral de los Cuidados, en clave de G\u00e9nero y de Derechos, en la Extensi\u00f3n \u00c1ulica de Panamb\u00ed, ubicada en la delegaci\u00f3n municipal del km 8<\/p>\n<p>En el acto estuvieron presentes el intendente Sr. Rosendo Fuchs, el Vicerrector de la UNaM Ing. Sergio Katogui, el Decano de la FHyCS, Esp. Cristian Garrido, la Vicedecana Dra. Zulma Cabrera, el director de la Escuela de Enfermer\u00eda (FCEQyN) Mgter. Jos\u00e9 Luis Avalos, el Coordinador de la CODEIM Daniel Bruning, el equipo de gabinete, Concejales, estudiantes, familiares y p\u00fablico en general.<\/p>\n<p>El intendente celebr\u00f3 la presencia de la universidad en el municipio d\u00e1ndoles el mensaje a de bienvenida a los\/as estudiantes para capitalizar la posibilidad estudiar en su lugar si ntener que trasladarse a otras localidades de la provincia y el pa\u00eds.<\/p>\n<p>En este sentido, tambi\u00e9n se pronunciaron el director de la Escuela de Enfermer\u00eda y el Vicerrector, quienes hicieron hincapi\u00e9 en las acciones articuladas y co-gestionadas, asentando la importancia de formar para contar con graduados resultantes de propuestas acad\u00e9micas desarrolladas en el marco de programas que expanden la educaci\u00f3n p\u00fablica, gratuita, de calidad e inclusiva.<\/p>\n<p>Por su parte el Coordinador de la CODEIM, valor\u00f3 el efecto multiplicador que produce la presencia de la UNaM, particularmente en el desarrollo de esta oferta profesional, y la decisi\u00f3n del intendente de invertir en educaci\u00f3n.<\/p>\n<p>El decano de la FHyCS, destac\u00f3 la importancia del derecho a la educaci\u00f3n superior, revindicando el acceso a la misma a trav\u00e9s de la expansi\u00f3n territorial con propuestas acad\u00e9micas de transformaci\u00f3n social para los municipios; y favorecer el acceso a la educaci\u00f3n universitaria de cada ciudadano\/a .<\/p>\n<p>Institucionalmente lo que se busca es una mayor presencia territorial de la FHyCS-UNaM y sostener la defensa de la educaci\u00f3n p\u00fablica, gratuita y de calidad en el contexto actual.<\/p>\n<p>&nbsp;<\/p>\n<p>&nbsp;<\/p>\n<p>&nbsp;<\/p>\n<p>&nbsp;<\/p>\n<p>&nbsp;<\/p>\n<p>&nbsp;<\/p>\n<p>&nbsp;<\/p>\n<p>&nbsp;<\/p>\n<p>&nbsp;<\/p>\n","protected":false},"excerpt":{"rendered":"<p>&nbsp; El viernes 23 de mayo del presente a\u00f1o, en hora de la tarde, se realiz\u00f3 el lanzamiento de la Tecnicatura Universitaria en el Abordaje Integral de los Cuidados, en clave de G\u00e9nero y de Derechos, en la Extensi\u00f3n \u00c1ulica de Panamb\u00ed, ubicada en la delegaci\u00f3n municipal del km 8 En el acto estuvieron presentes [&hellip;]<\/p>\n","protected":false},"author":10,"featured_media":0,"comment_status":"closed","ping_status":"closed","sticky":false,"template":"","format":"standard","meta":{"extendify_custom_stylesheet":""},"categories":[1],"tags":[6117,5,6118],"_links":{"self":[{"href":"https:\/\/www.fhycs.unam.edu.ar\/portada\/wp-json\/wp\/v2\/posts\/40074"}],"collection":[{"href":"https:\/\/www.fhycs.unam.edu.ar\/portada\/wp-json\/wp\/v2\/posts"}],"about":[{"href":"https:\/\/www.fhycs.unam.edu.ar\/portada\/wp-json\/wp\/v2\/types\/post"}],"author":[{"embeddable":true,"href":"https:\/\/www.fhycs.unam.edu.ar\/portada\/wp-json\/wp\/v2\/users\/10"}],"replies":[{"embeddable":true,"href":"https:\/\/www.fhycs.unam.edu.ar\/portada\/wp-json\/wp\/v2\/comments?post=40074"}],"version-history":[{"count":4,"href":"https:\/\/www.fhycs.unam.edu.ar\/portada\/wp-json\/wp\/v2\/posts\/40074\/revisions"}],"predecessor-version":[{"id":40077,"href":"https:\/\/www.fhycs.unam.edu.ar\/portada\/wp-json\/wp\/v2\/posts\/40074\/revisions\/40077"}],"wp:attachment":[{"href":"https:\/\/www.fhycs.unam.edu.ar\/portada\/wp-json\/wp\/v2\/media?parent=40074"}],"wp:term":[{"taxonomy":"category","embeddable":true,"href":"https:\/\/www.fhycs.unam.edu.ar\/portada\/wp-json\/wp\/v2\/categories?post=40074"},{"taxonomy":"post_tag","embeddable":true,"href":"https:\/\/www.fhycs.unam.edu.ar\/portada\/wp-json\/wp\/v2\/tags?post=40074"}],"curies":[{"name":"wp","href":"https:\/\/api.w.org\/{rel}","templated":true}]}}