{"id":40091,"date":"2025-05-28T11:30:07","date_gmt":"2025-05-28T14:30:07","guid":{"rendered":"https:\/\/www.fhycs.unam.edu.ar\/portada\/?p=40091"},"modified":"2025-05-28T11:33:37","modified_gmt":"2025-05-28T14:33:37","slug":"taller-de-formacion-giros-idiomaticos-de-la-lsa-2025","status":"publish","type":"post","link":"https:\/\/www.fhycs.unam.edu.ar\/portada\/taller-de-formacion-giros-idiomaticos-de-la-lsa-2025\/","title":{"rendered":"TALLER DE FORMACI\u00d3N \u201cGiros Idiom\u00e1ticos de la LSA 2025\u201d"},"content":{"rendered":"<p><img loading=\"lazy\" class=\"size-medium wp-image-40095 alignleft\" src=\"https:\/\/www.fhycs.unam.edu.ar\/portada\/wp-content\/uploads\/2025\/05\/GIROS-IDIOMATICOS-240x300.jpg\" alt=\"\" width=\"240\" height=\"300\" srcset=\"https:\/\/www.fhycs.unam.edu.ar\/portada\/wp-content\/uploads\/2025\/05\/GIROS-IDIOMATICOS-240x300.jpg 240w, https:\/\/www.fhycs.unam.edu.ar\/portada\/wp-content\/uploads\/2025\/05\/GIROS-IDIOMATICOS-819x1024.jpg 819w, https:\/\/www.fhycs.unam.edu.ar\/portada\/wp-content\/uploads\/2025\/05\/GIROS-IDIOMATICOS-768x960.jpg 768w, https:\/\/www.fhycs.unam.edu.ar\/portada\/wp-content\/uploads\/2025\/05\/GIROS-IDIOMATICOS.jpg 1080w\" sizes=\"(max-width: 240px) 100vw, 240px\" \/><\/p>\n<p>Desde el Programa Permanente de la Carrera de Int\u00e9rprete Universitario en Lengua de Se\u00f1as Argentina (Res. 331\/18), bajo la direcci\u00f3n de la Lic. Lilia Rodr\u00edguez, invitan al Taller de Formaci\u00f3n \u201cGiros Idiom\u00e1ticos de la LSA 2025\u201d.<!--more--><\/p>\n<p>Para conocer el arancel y realizar la inscripci\u00f3n online: <a href=\"https:\/\/forms.gle\/WbbgcYX2dmJtHZhp6\" target=\"_blank\" rel=\"noopener\">https:\/\/forms.gle\/WbbgcYX2dmJtHZhp6<\/a><\/p>\n<p>Consultas: misioneslsa@gmail.com \/\/ WhatsApp 3755444894 (Fabi\u00e1n)<\/p>\n<p>Duraci\u00f3n: Junio y julio 2025<br \/>\nInicio: Jueves 5 de junio \u2013 19 hs.<\/p>\n<p>Un espacio de aprendizaje y profundizaci\u00f3n en el uso de giros idiom\u00e1ticos en LSA.<br \/>\nDestinado a estudiantes y graduados de IULSA<\/p>\n","protected":false},"excerpt":{"rendered":"<p>Desde el Programa Permanente de la Carrera de Int\u00e9rprete Universitario en Lengua de Se\u00f1as Argentina (Res. 331\/18), bajo la direcci\u00f3n de la Lic. Lilia Rodr\u00edguez, invitan al Taller de Formaci\u00f3n \u201cGiros Idiom\u00e1ticos de la LSA 2025\u201d.<\/p>\n","protected":false},"author":10,"featured_media":0,"comment_status":"closed","ping_status":"closed","sticky":false,"template":"","format":"standard","meta":{"extendify_custom_stylesheet":""},"categories":[47],"tags":[5,6120],"_links":{"self":[{"href":"https:\/\/www.fhycs.unam.edu.ar\/portada\/wp-json\/wp\/v2\/posts\/40091"}],"collection":[{"href":"https:\/\/www.fhycs.unam.edu.ar\/portada\/wp-json\/wp\/v2\/posts"}],"about":[{"href":"https:\/\/www.fhycs.unam.edu.ar\/portada\/wp-json\/wp\/v2\/types\/post"}],"author":[{"embeddable":true,"href":"https:\/\/www.fhycs.unam.edu.ar\/portada\/wp-json\/wp\/v2\/users\/10"}],"replies":[{"embeddable":true,"href":"https:\/\/www.fhycs.unam.edu.ar\/portada\/wp-json\/wp\/v2\/comments?post=40091"}],"version-history":[{"count":1,"href":"https:\/\/www.fhycs.unam.edu.ar\/portada\/wp-json\/wp\/v2\/posts\/40091\/revisions"}],"predecessor-version":[{"id":40096,"href":"https:\/\/www.fhycs.unam.edu.ar\/portada\/wp-json\/wp\/v2\/posts\/40091\/revisions\/40096"}],"wp:attachment":[{"href":"https:\/\/www.fhycs.unam.edu.ar\/portada\/wp-json\/wp\/v2\/media?parent=40091"}],"wp:term":[{"taxonomy":"category","embeddable":true,"href":"https:\/\/www.fhycs.unam.edu.ar\/portada\/wp-json\/wp\/v2\/categories?post=40091"},{"taxonomy":"post_tag","embeddable":true,"href":"https:\/\/www.fhycs.unam.edu.ar\/portada\/wp-json\/wp\/v2\/tags?post=40091"}],"curies":[{"name":"wp","href":"https:\/\/api.w.org\/{rel}","templated":true}]}}