{"id":40107,"date":"2025-05-30T12:58:16","date_gmt":"2025-05-30T15:58:16","guid":{"rendered":"https:\/\/www.fhycs.unam.edu.ar\/portada\/?p=40107"},"modified":"2025-05-30T12:58:16","modified_gmt":"2025-05-30T15:58:16","slug":"llega-la-i-jornada-de-vinculacion-tecnologica-dialogos-entre-ciencia-produccion-y-comunidad","status":"publish","type":"post","link":"https:\/\/www.fhycs.unam.edu.ar\/portada\/llega-la-i-jornada-de-vinculacion-tecnologica-dialogos-entre-ciencia-produccion-y-comunidad\/","title":{"rendered":"Llega la I Jornada de Vinculaci\u00f3n Tecnol\u00f3gica &#8220;Di\u00e1logos entre ciencia, producci\u00f3n y comunidad&#8221;"},"content":{"rendered":"<p><img loading=\"lazy\" class=\"size-medium wp-image-40108 alignleft\" src=\"https:\/\/www.fhycs.unam.edu.ar\/portada\/wp-content\/uploads\/2025\/05\/vinculacion-1-jornadas-240x300.jpeg\" alt=\"\" width=\"240\" height=\"300\" srcset=\"https:\/\/www.fhycs.unam.edu.ar\/portada\/wp-content\/uploads\/2025\/05\/vinculacion-1-jornadas-240x300.jpeg 240w, https:\/\/www.fhycs.unam.edu.ar\/portada\/wp-content\/uploads\/2025\/05\/vinculacion-1-jornadas-819x1024.jpeg 819w, https:\/\/www.fhycs.unam.edu.ar\/portada\/wp-content\/uploads\/2025\/05\/vinculacion-1-jornadas-768x960.jpeg 768w, https:\/\/www.fhycs.unam.edu.ar\/portada\/wp-content\/uploads\/2025\/05\/vinculacion-1-jornadas.jpeg 1024w\" sizes=\"(max-width: 240px) 100vw, 240px\" \/> La Facultad de Humanidades y Ciencias Sociales te invita a ser parte de este espacio de encuentro y reflexi\u00f3n sobre el rol de la ciencia en el desarrollo territorial.<!--more--><\/p>\n<blockquote>\n<h4 style=\"text-align: right;\"><span style=\"color: #008000;\">Lunes 2 de junio<\/span><br \/>\n<span style=\"color: #008000;\">18:00 h<\/span><br \/>\n<span style=\"color: #008000;\">SUM \u2013 Edificio Juan Figueredo<\/span><\/h4>\n<\/blockquote>\n<p>En el marco de la Semana de la Vinculaci\u00f3n Tecnol\u00f3gica 2025, impulsada por el <a class=\"x1i10hfl xjbqb8w x1ejq31n xd10rxx x1sy0etr x17r0tee x972fbf xcfux6l x1qhh985 xm0m39n x9f619 x1ypdohk xt0psk2 xe8uvvx xdj266r x11i5rnm xat24cr x1mh8g0r xexx8yu x4uap5 x18d9i69 xkhd6sd x16tdsg8 x1hl2dhg xggy1nq x1a2a7pz notranslate _a6hd\" tabindex=\"0\" role=\"link\" href=\"https:\/\/www.instagram.com\/CINArgentina\/\">@CINArgentina<\/a>, buscamos visibilizar el papel estrat\u00e9gico de las universidades en el crecimiento socioecon\u00f3mico del pa\u00eds.<\/p>\n<p>Estas Jornadas fortalecen alianzas con actores clave y promueven un ecosistema de innovaci\u00f3n con impacto social.<\/p>\n<p>Organizan:<br \/>\n\ud83d\udd39 Secretar\u00eda de Extensi\u00f3n y Vinculaci\u00f3n Tecnol\u00f3gica<br \/>\n\ud83d\udd39 Secretar\u00eda de Investigaci\u00f3n<\/p>\n","protected":false},"excerpt":{"rendered":"<p>La Facultad de Humanidades y Ciencias Sociales te invita a ser parte de este espacio de encuentro y reflexi\u00f3n sobre el rol de la ciencia en el desarrollo territorial.<\/p>\n","protected":false},"author":10,"featured_media":0,"comment_status":"closed","ping_status":"closed","sticky":false,"template":"","format":"standard","meta":{"extendify_custom_stylesheet":""},"categories":[1],"tags":[5,6122,6123],"_links":{"self":[{"href":"https:\/\/www.fhycs.unam.edu.ar\/portada\/wp-json\/wp\/v2\/posts\/40107"}],"collection":[{"href":"https:\/\/www.fhycs.unam.edu.ar\/portada\/wp-json\/wp\/v2\/posts"}],"about":[{"href":"https:\/\/www.fhycs.unam.edu.ar\/portada\/wp-json\/wp\/v2\/types\/post"}],"author":[{"embeddable":true,"href":"https:\/\/www.fhycs.unam.edu.ar\/portada\/wp-json\/wp\/v2\/users\/10"}],"replies":[{"embeddable":true,"href":"https:\/\/www.fhycs.unam.edu.ar\/portada\/wp-json\/wp\/v2\/comments?post=40107"}],"version-history":[{"count":1,"href":"https:\/\/www.fhycs.unam.edu.ar\/portada\/wp-json\/wp\/v2\/posts\/40107\/revisions"}],"predecessor-version":[{"id":40109,"href":"https:\/\/www.fhycs.unam.edu.ar\/portada\/wp-json\/wp\/v2\/posts\/40107\/revisions\/40109"}],"wp:attachment":[{"href":"https:\/\/www.fhycs.unam.edu.ar\/portada\/wp-json\/wp\/v2\/media?parent=40107"}],"wp:term":[{"taxonomy":"category","embeddable":true,"href":"https:\/\/www.fhycs.unam.edu.ar\/portada\/wp-json\/wp\/v2\/categories?post=40107"},{"taxonomy":"post_tag","embeddable":true,"href":"https:\/\/www.fhycs.unam.edu.ar\/portada\/wp-json\/wp\/v2\/tags?post=40107"}],"curies":[{"name":"wp","href":"https:\/\/api.w.org\/{rel}","templated":true}]}}