{"id":40136,"date":"2025-06-09T13:08:15","date_gmt":"2025-06-09T16:08:15","guid":{"rendered":"https:\/\/www.fhycs.unam.edu.ar\/portada\/?p=40136"},"modified":"2025-06-24T11:09:41","modified_gmt":"2025-06-24T14:09:41","slug":"presentacion-del-libro-surfeando-a-buen-puerto-en-la-bipolaridad","status":"publish","type":"post","link":"https:\/\/www.fhycs.unam.edu.ar\/portada\/presentacion-del-libro-surfeando-a-buen-puerto-en-la-bipolaridad\/","title":{"rendered":"Presentaci\u00f3n del Libro  &#8220;Surfeando a Buen Puerto en la Bipolaridad&#8221;"},"content":{"rendered":"<p><img loading=\"lazy\" class=\"size-medium wp-image-40194 alignleft\" src=\"https:\/\/www.fhycs.unam.edu.ar\/portada\/wp-content\/uploads\/2025\/06\/bipolaridad-240x300.png\" alt=\"\" width=\"240\" height=\"300\" srcset=\"https:\/\/www.fhycs.unam.edu.ar\/portada\/wp-content\/uploads\/2025\/06\/bipolaridad-240x300.png 240w, https:\/\/www.fhycs.unam.edu.ar\/portada\/wp-content\/uploads\/2025\/06\/bipolaridad-819x1024.png 819w, https:\/\/www.fhycs.unam.edu.ar\/portada\/wp-content\/uploads\/2025\/06\/bipolaridad-768x960.png 768w, https:\/\/www.fhycs.unam.edu.ar\/portada\/wp-content\/uploads\/2025\/06\/bipolaridad.png 1080w\" sizes=\"(max-width: 240px) 100vw, 240px\" \/><\/p>\n<p><strong><em>La presentaci\u00f3n del libro, &#8220;Surfeando a Buen Puerto en la Bipolaridad&#8221; tiene como objetivo promover la importancia de la salud mental, espec\u00edficamente en este caso, a partir de la comprensi\u00f3n de la bipolaridad, desde un abordaje familiar e interdisciplinario integral. Precisamente, en ese sentido, el libro comparte la experiencia personal de Graciela Rol\u00f3n y ofrece una visi\u00f3n acerca de c\u00f3mo navegar los desaf\u00edos de esta condici\u00f3n.<\/em><\/strong><!--more--><\/p>\n<blockquote>\n<h4 style=\"text-align: right;\"><span style=\"color: #008080;\">Se realizar\u00e1 en el aula magna de la Facultad de Humanidades y Ciencias Sociales-UNaM. 25\/6\/25, 18 hs.<\/span><\/h4>\n<\/blockquote>\n<p><strong><u>Programa:<\/u><\/strong><\/p>\n<p><strong><em>Primer Momento<\/em><\/strong>: Apertura y presentaci\u00f3n de la actividad, a cargo de la Dra. Zulma Cabrera, Vice Decana de la FHyCS y directora del Centro Flora TRISTAN.<\/p>\n<p><strong><em>Segundo Momento:<\/em><\/strong> Presentaci\u00f3n de los profesionales participantes:<\/p>\n<p>&#8211; Dr. Constantino Pisarello, Psiquiatra: Especialista en salud mental<\/p>\n<p>&#8211; Lic. Spaciuk Silvana, Psic\u00f3loga: Experta en terapia y apoyo emocional<\/p>\n<p>&#8211; Edgar Maciel, Acompa\u00f1ante Terap\u00e9utico: Especialista en acompa\u00f1amiento y apoyo<\/p>\n<p><em>&#8211; <strong>Tercer Momento<\/strong>:<\/em> Presentaci\u00f3n del Libro e experiencia de Vida de <strong>Graciela Rol\u00f3n.<\/strong><\/p>\n<p>Espacio para preguntas y cierre.<\/p>\n<p>-CIERRE<\/p>\n<p><strong><u>Organiza e invita:<\/u><\/strong><\/p>\n<p>Flora Trist\u00e1n \u201cCentro de Estudios y Promoci\u00f3n Equidad de G\u00e9nero\u201d<\/p>\n<p>&nbsp;<\/p>\n","protected":false},"excerpt":{"rendered":"<p>La presentaci\u00f3n del libro, &#8220;Surfeando a Buen Puerto en la Bipolaridad&#8221; tiene como objetivo promover la importancia de la salud mental, espec\u00edficamente en este caso, a partir de la comprensi\u00f3n de la bipolaridad, desde un abordaje familiar e interdisciplinario integral. Precisamente, en ese sentido, el libro comparte la experiencia personal de Graciela Rol\u00f3n y ofrece [&hellip;]<\/p>\n","protected":false},"author":10,"featured_media":40194,"comment_status":"closed","ping_status":"closed","sticky":false,"template":"","format":"standard","meta":{"extendify_custom_stylesheet":""},"categories":[1899],"tags":[5,6128],"_links":{"self":[{"href":"https:\/\/www.fhycs.unam.edu.ar\/portada\/wp-json\/wp\/v2\/posts\/40136"}],"collection":[{"href":"https:\/\/www.fhycs.unam.edu.ar\/portada\/wp-json\/wp\/v2\/posts"}],"about":[{"href":"https:\/\/www.fhycs.unam.edu.ar\/portada\/wp-json\/wp\/v2\/types\/post"}],"author":[{"embeddable":true,"href":"https:\/\/www.fhycs.unam.edu.ar\/portada\/wp-json\/wp\/v2\/users\/10"}],"replies":[{"embeddable":true,"href":"https:\/\/www.fhycs.unam.edu.ar\/portada\/wp-json\/wp\/v2\/comments?post=40136"}],"version-history":[{"count":4,"href":"https:\/\/www.fhycs.unam.edu.ar\/portada\/wp-json\/wp\/v2\/posts\/40136\/revisions"}],"predecessor-version":[{"id":40195,"href":"https:\/\/www.fhycs.unam.edu.ar\/portada\/wp-json\/wp\/v2\/posts\/40136\/revisions\/40195"}],"wp:featuredmedia":[{"embeddable":true,"href":"https:\/\/www.fhycs.unam.edu.ar\/portada\/wp-json\/wp\/v2\/media\/40194"}],"wp:attachment":[{"href":"https:\/\/www.fhycs.unam.edu.ar\/portada\/wp-json\/wp\/v2\/media?parent=40136"}],"wp:term":[{"taxonomy":"category","embeddable":true,"href":"https:\/\/www.fhycs.unam.edu.ar\/portada\/wp-json\/wp\/v2\/categories?post=40136"},{"taxonomy":"post_tag","embeddable":true,"href":"https:\/\/www.fhycs.unam.edu.ar\/portada\/wp-json\/wp\/v2\/tags?post=40136"}],"curies":[{"name":"wp","href":"https:\/\/api.w.org\/{rel}","templated":true}]}}