{"id":40139,"date":"2025-06-12T08:32:48","date_gmt":"2025-06-12T11:32:48","guid":{"rendered":"https:\/\/www.fhycs.unam.edu.ar\/portada\/?p=40139"},"modified":"2025-09-02T10:31:16","modified_gmt":"2025-09-02T13:31:16","slug":"llamado-a-concursos-docentes-13","status":"publish","type":"post","link":"https:\/\/www.fhycs.unam.edu.ar\/portada\/llamado-a-concursos-docentes-13\/","title":{"rendered":"Llamado a Concursos Docentes"},"content":{"rendered":"<p><strong>LA FACULTAD DE HUMANIDADES Y CIENCIAS SOCIALES DE LA UNaM<\/strong><\/p>\n<p><strong>LLAMA A CONCURSOS P\u00daBLICOS Y ABIERTOS, DE ANTECEDENTES Y OPOSICI\u00d3N PARA COBERTURA DE CARGOS DOCENTES<\/strong><strong>\u00a0<\/strong><\/p>\n<table width=\"106%\">\n<thead>\n<tr>\n<td width=\"4%\"><strong>N\u00b0<\/strong><\/td>\n<td width=\"21%\"><strong>CARGO<\/strong><\/td>\n<td width=\"27%\"><strong>ASIGNATURA<\/strong><\/td>\n<td width=\"28%\">\n<h3>CARRERA<\/h3>\n<\/td>\n<td width=\"17%\">\n<h3>PLAZO DE INSCRIPCI\u00d3N<\/h3>\n<\/td>\n<\/tr>\n<tr>\n<td width=\"4%\"><strong>\u00a0<\/strong><\/p>\n<p><strong>1<\/strong><\/td>\n<td width=\"21%\"><strong>PROFESOR<\/strong><\/p>\n<p><strong>TITULAR<\/strong><\/p>\n<p><strong>Dedicaci\u00f3n Simple<\/strong><\/p>\n<p><strong>(1 cargo)<\/strong><\/td>\n<td width=\"27%\"><strong>\u00a0<\/strong><\/p>\n<p><strong>PRACTICA PROFESIONAL II<\/strong><\/p>\n<p>(3\u00b0 a\u00f1o-Anual)<\/p>\n<p><a href=\"https:\/\/www.fhycs.unam.edu.ar\/portada\/wp-content\/uploads\/2025\/06\/Res.-186_25-C.D.-Practica-Profesional-II.pdf\" target=\"_blank\" rel=\"noopener\">Resoluci\u00f3n C.D. N\u00ba 186\/25<\/a><\/p>\n<p>&nbsp;<\/td>\n<td width=\"28%\">\u00b7\u00a0\u00a0 Gu\u00eda de Turismo<\/p>\n<p>&nbsp;<\/td>\n<td width=\"17%\">\n<h3>Desde: 09\/06\/25<\/h3>\n<h3>Hasta: 01\/07\/25<\/h3>\n<\/td>\n<\/tr>\n<tr>\n<td width=\"4%\"><strong>\u00a0<\/strong><\/p>\n<p><strong>2<\/strong><\/td>\n<td width=\"21%\"><strong>PROFESOR<\/strong><\/p>\n<p><strong>JEFE DE TRABAJOS PR\u00c1CTICOS<\/strong><\/p>\n<p><strong>Dedicaci\u00f3n Simple<\/strong><\/p>\n<p><strong>(1 cargo)<\/strong><\/td>\n<td width=\"27%\"><strong>TALLER DE GEOGRAF\u00cdA REGIONAL<\/strong><\/p>\n<p>(1\u00b0 a\u00f1o-Cuatrimestral- doble dictado)<\/p>\n<p><a href=\"https:\/\/www.fhycs.unam.edu.ar\/portada\/wp-content\/uploads\/2025\/06\/Res.-187-25-C.D.-Taller-de-Geografia-Regional.pdf\" target=\"_blank\" rel=\"noopener\">Resoluci\u00f3n C.D. N\u00ba 187\/25<\/a> y <a href=\"https:\/\/www.fhycs.unam.edu.ar\/portada\/wp-content\/uploads\/2025\/06\/DISP.-1105-25-Fe-de-erratas-Taller-de-Geografia.pdf\" target=\"_blank\" rel=\"noopener\">Disposici\u00f3n N\u00b0 1105\/25<\/a><\/p>\n<p><strong>\u00a0<\/strong><\/td>\n<td width=\"28%\">\u00b7\u00a0\u00a0 Gu\u00eda de Turismo<\/p>\n<p>&nbsp;<\/td>\n<td width=\"17%\">\n<h3><\/h3>\n<h3><\/h3>\n<h3>Desde: 13\/06\/25<\/h3>\n<h3>Hasta: 07\/07\/25<\/h3>\n<p>&nbsp;<\/td>\n<\/tr>\n<tr>\n<td width=\"4%\"><strong>\u00a0<\/strong><\/p>\n<p><strong>3<\/strong><\/td>\n<td width=\"21%\"><strong>PROFESOR<\/strong><\/p>\n<p><strong>ADJUNTO<\/strong><\/p>\n<p><strong>Dedicaci\u00f3n Simple<\/strong><\/p>\n<p><strong>(1 cargo)<\/strong><\/td>\n<td width=\"27%\"><strong>ANTROPOLOG\u00cdA ECON\u00d3MICA<\/strong><\/p>\n<p>(2\u00b0 a\u00f1o- Anual)<\/p>\n<p><a href=\"https:\/\/www.fhycs.unam.edu.ar\/portada\/wp-content\/uploads\/2025\/06\/Res.-188-25-C.D.-Antropologia-Economica.pdf\" target=\"_blank\" rel=\"noopener\">Resoluci\u00f3n C.D. N\u00ba 188\/25<\/a><\/p>\n<p>&nbsp;<\/td>\n<td width=\"28%\">&nbsp;<\/p>\n<p>\u00b7\u00a0\u00a0 Licenciatura en Antropolog\u00eda Social<\/p>\n<p>&nbsp;<\/td>\n<td width=\"17%\">\n<h3>Desde: 11\/06\/25<\/h3>\n<h3>Hasta: 03\/07\/25<\/h3>\n<p>&nbsp;<\/td>\n<\/tr>\n<tr>\n<td width=\"4%\"><strong>4 <\/strong><\/td>\n<td width=\"21%\"><strong>PROFESOR<\/strong><\/p>\n<p><strong>JEFE DE TRABAJOS PR\u00c1CTICOS<\/strong><\/p>\n<p><strong>Dedicaci\u00f3n Simple<\/strong><\/p>\n<p><strong>(1 cargo)<\/strong><\/td>\n<td width=\"27%\"><strong>METODOLOG\u00cdA DE LA INVESTIGACI\u00d3N SOCIAL<\/strong><\/p>\n<p><strong>Comisi\u00f3n 1<\/strong><\/p>\n<p><a href=\"https:\/\/www.fhycs.unam.edu.ar\/portada\/wp-content\/uploads\/2025\/06\/Res.-189-25-C.D.-Metodologia-de-la-Investigacion-Social_-COMSION-1.pdf\" target=\"_blank\" rel=\"noopener\">Resoluci\u00f3n C.D. N\u00ba 189\/25<\/a><\/p>\n<p><strong>\u00a0<\/strong><\/td>\n<td width=\"28%\">\u00b7\u00a0\u00a0 Licenciatura en Antropolog\u00eda Social<\/p>\n<p>&nbsp;<\/td>\n<td width=\"17%\">\n<h3>Desde: 12\/06\/25<\/h3>\n<h3>Hasta: 04\/07\/25<\/h3>\n<p>&nbsp;<\/td>\n<\/tr>\n<tr>\n<td width=\"4%\"><strong>5<\/strong><\/td>\n<td width=\"21%\"><strong>PROFESOR<\/strong><\/p>\n<p><strong>JEFE DE TRABAJOS PR\u00c1CTICOS<\/strong><\/p>\n<p><strong>Dedicaci\u00f3n Simple<\/strong><\/p>\n<p><strong>(1 cargo)<\/strong><\/td>\n<td width=\"27%\"><strong>METODOLOG\u00cdA DE LA INVESTIGACI\u00d3N SOCIAL<\/strong><\/p>\n<p><strong>Comisi\u00f3n 4<\/strong><\/p>\n<p><a href=\"https:\/\/www.fhycs.unam.edu.ar\/portada\/wp-content\/uploads\/2025\/06\/Res.-190-25-C.-D.-Metodologia-de-la-Investigacion-Social_-COMSION-4.pdf\" target=\"_blank\" rel=\"noopener\">Resoluci\u00f3n C.D. N\u00ba 190\/25<\/a><\/p>\n<p><strong>\u00a0<\/strong><\/td>\n<td width=\"28%\">\u00b7\u00a0\u00a0 Licenciatura en Antropolog\u00eda Social<\/p>\n<p>&nbsp;<\/td>\n<td width=\"17%\">\n<h3>Desde: 13\/06\/25<\/h3>\n<h3>Hasta: 07\/07\/25<\/h3>\n<h3><\/h3>\n<\/td>\n<\/tr>\n<tr>\n<td width=\"4%\"><strong>6<\/strong><\/td>\n<td width=\"21%\"><strong>PROFESOR<\/strong><\/p>\n<p><strong>JEFE DE TRABAJOS PR\u00c1CTICOS<\/strong><\/p>\n<p><strong>Dedicaci\u00f3n Simple<\/strong><\/p>\n<p><strong>(1 cargo)<\/strong><\/td>\n<td width=\"27%\"><strong>ANTROPOLOG\u00cdA RURAL<\/strong><\/p>\n<p>(3\u00b0 a\u00f1o- Anual)<\/p>\n<p><a href=\"https:\/\/www.fhycs.unam.edu.ar\/portada\/wp-content\/uploads\/2025\/06\/Res.-191-25-C.D.-Antropologia-Rural.pdf\" target=\"_blank\" rel=\"noopener\">Resoluci\u00f3n C.D. N\u00ba 191\/25<\/a><\/p>\n<p>&nbsp;<\/td>\n<td width=\"28%\">\u00b7\u00a0\u00a0 Licenciatura en Antropolog\u00eda Social<\/p>\n<p>&nbsp;<\/td>\n<td width=\"17%\">\n<h3>Desde: 17\/06\/25<\/h3>\n<h3>Hasta: 08\/07\/25<\/h3>\n<h3><\/h3>\n<\/td>\n<\/tr>\n<tr>\n<td width=\"4%\"><strong>7<\/strong><\/td>\n<td width=\"21%\"><strong>PROFESOR<\/strong><\/p>\n<p><strong>JEFE DE TRABAJOS PR\u00c1CTICOS<\/strong><\/p>\n<p><strong>Dedicaci\u00f3n Simple<\/strong><\/p>\n<p><strong>(1 cargo)<\/strong><\/td>\n<td width=\"27%\"><strong>\u00a0<\/strong><b>ESTRUCTURA Y DESARROLLO PS\u00cdQUICO I <\/b><\/p>\n<p>con afectaci\u00f3n a<\/p>\n<p><b>ESTRUCTURA Y DESARROLLO PS\u00cdQUICO II<\/b><\/p>\n<p>(1\u00b0a\u00f1o- Cuatrimestral)<\/p>\n<p><a href=\"https:\/\/www.fhycs.unam.edu.ar\/portada\/wp-content\/uploads\/2025\/06\/Res.-192-25-C.D.-Estructura-y-Desarrollo-PSIQUICO-I-Y-II.pdf\" target=\"_blank\" rel=\"noopener\">Resoluci\u00f3n C.D. N\u00ba 192\/25<\/a><\/td>\n<td width=\"28%\">\u00b7\u00a0\u00a0 Profesorado en Educaci\u00f3n Especial<\/td>\n<td width=\"17%\">\n<h3>Desde: 17\/06\/25<\/h3>\n<h3>Hasta: 08\/07\/25<\/h3>\n<h3><\/h3>\n<\/td>\n<\/tr>\n<\/thead>\n<\/table>\n<p><strong>\u00a0<\/strong><strong>INFORMES E INSCRIPCIONES PRESENCIALES<\/strong>: Direcci\u00f3n de Desarrollo Curricular- Departamento de Concursos Docentes \u2013 Secretar\u00eda Acad\u00e9mica Adjunta, 1er Piso &#8211; Facultad de Humanidades y Ciencias Sociales &#8211; U.Na.M. &#8211; Calle Tucum\u00e1n N\u00ba 1946 \u2013 Posadas &#8211; Misiones.<\/p>\n<p><strong>CONSULTAS AL CORREO ELECTR\u00d3NICO<\/strong>: <a href=\"mailto:concursosdocentes@fhycs.unam.edu.ar\">concursosdocentes@fhycs.unam.edu.ar<\/a><\/p>\n<p><strong>HORARIO DE INFORMES E INSCRIPCIONES PRESENCIALES<\/strong>: Lunes a Viernes de 07:00 a 11:00 hs.<\/p>\n<p><strong>REQUISITOS<\/strong>: Poseer T\u00edtulo de Grado Universitario; Acreditar Formaci\u00f3n y labor en Docencia Universitaria, de acuerdo al cargo concursado (Art\u00edculos 9\u00ba al 11\u00ba de la Ordenanza CS N\u00ba 082\/17 y Art\u00edculo 5\u00ba, de la Ordenanza CS N\u00ba 084\/21) y requisitos de Perfil, estipulados en cada llamado a concurso.<\/p>\n<p>P\u00e1gina Web http\/\/www.fhycs.unam.edu.ar \u2013 T.E. 4434344 \u2013 Interno 112.<\/p>\n","protected":false},"excerpt":{"rendered":"<p>LA FACULTAD DE HUMANIDADES Y CIENCIAS SOCIALES DE LA UNaM LLAMA A CONCURSOS P\u00daBLICOS Y ABIERTOS, DE ANTECEDENTES Y OPOSICI\u00d3N PARA COBERTURA DE CARGOS DOCENTES\u00a0 N\u00b0 CARGO ASIGNATURA CARRERA PLAZO DE INSCRIPCI\u00d3N \u00a0 1 PROFESOR TITULAR Dedicaci\u00f3n Simple (1 cargo) \u00a0 PRACTICA PROFESIONAL II (3\u00b0 a\u00f1o-Anual) Resoluci\u00f3n C.D. N\u00ba 186\/25 &nbsp; \u00b7\u00a0\u00a0 Gu\u00eda de Turismo [&hellip;]<\/p>\n","protected":false},"author":10,"featured_media":18316,"comment_status":"closed","ping_status":"closed","sticky":false,"template":"","format":"standard","meta":{"extendify_custom_stylesheet":""},"categories":[1],"tags":[5770],"_links":{"self":[{"href":"https:\/\/www.fhycs.unam.edu.ar\/portada\/wp-json\/wp\/v2\/posts\/40139"}],"collection":[{"href":"https:\/\/www.fhycs.unam.edu.ar\/portada\/wp-json\/wp\/v2\/posts"}],"about":[{"href":"https:\/\/www.fhycs.unam.edu.ar\/portada\/wp-json\/wp\/v2\/types\/post"}],"author":[{"embeddable":true,"href":"https:\/\/www.fhycs.unam.edu.ar\/portada\/wp-json\/wp\/v2\/users\/10"}],"replies":[{"embeddable":true,"href":"https:\/\/www.fhycs.unam.edu.ar\/portada\/wp-json\/wp\/v2\/comments?post=40139"}],"version-history":[{"count":1,"href":"https:\/\/www.fhycs.unam.edu.ar\/portada\/wp-json\/wp\/v2\/posts\/40139\/revisions"}],"predecessor-version":[{"id":40148,"href":"https:\/\/www.fhycs.unam.edu.ar\/portada\/wp-json\/wp\/v2\/posts\/40139\/revisions\/40148"}],"wp:featuredmedia":[{"embeddable":true,"href":"https:\/\/www.fhycs.unam.edu.ar\/portada\/wp-json\/wp\/v2\/media\/18316"}],"wp:attachment":[{"href":"https:\/\/www.fhycs.unam.edu.ar\/portada\/wp-json\/wp\/v2\/media?parent=40139"}],"wp:term":[{"taxonomy":"category","embeddable":true,"href":"https:\/\/www.fhycs.unam.edu.ar\/portada\/wp-json\/wp\/v2\/categories?post=40139"},{"taxonomy":"post_tag","embeddable":true,"href":"https:\/\/www.fhycs.unam.edu.ar\/portada\/wp-json\/wp\/v2\/tags?post=40139"}],"curies":[{"name":"wp","href":"https:\/\/api.w.org\/{rel}","templated":true}]}}