{"id":40233,"date":"2025-06-30T12:05:31","date_gmt":"2025-06-30T15:05:31","guid":{"rendered":"https:\/\/www.fhycs.unam.edu.ar\/portada\/?p=40233"},"modified":"2025-06-30T12:05:31","modified_gmt":"2025-06-30T15:05:31","slug":"diplomatura-superior-en-salud-mental-comunitaria","status":"publish","type":"post","link":"https:\/\/www.fhycs.unam.edu.ar\/portada\/diplomatura-superior-en-salud-mental-comunitaria\/","title":{"rendered":"Diplomatura Superior en Salud Mental Comunitaria"},"content":{"rendered":"<p data-start=\"262\" data-end=\"350\"><img loading=\"lazy\" class=\"size-medium wp-image-40234 alignleft\" src=\"https:\/\/www.fhycs.unam.edu.ar\/portada\/wp-content\/uploads\/2025\/06\/salud-mental-240x300.png\" alt=\"\" width=\"240\" height=\"300\" srcset=\"https:\/\/www.fhycs.unam.edu.ar\/portada\/wp-content\/uploads\/2025\/06\/salud-mental-240x300.png 240w, https:\/\/www.fhycs.unam.edu.ar\/portada\/wp-content\/uploads\/2025\/06\/salud-mental-819x1024.png 819w, https:\/\/www.fhycs.unam.edu.ar\/portada\/wp-content\/uploads\/2025\/06\/salud-mental-768x960.png 768w, https:\/\/www.fhycs.unam.edu.ar\/portada\/wp-content\/uploads\/2025\/06\/salud-mental.png 1080w\" sizes=\"(max-width: 240px) 100vw, 240px\" \/><\/p>\n<p data-start=\"262\" data-end=\"350\"><strong data-start=\"262\" data-end=\"323\">&#8220;Construyendo Herramientas para el Abordaje Interactoral&#8221;<\/strong><br data-start=\"323\" data-end=\"326\" \/>Resoluci\u00f3n N.\u00ba 201\/25<\/p>\n<h3 data-start=\"357\" data-end=\"383\">Informaci\u00f3n General<\/h3>\n<p data-start=\"385\" data-end=\"748\"><strong data-start=\"385\" data-end=\"412\">Periodo de inscripci\u00f3n:<\/strong> del 1 de julio al 5 de agosto de 2025<br data-start=\"450\" data-end=\"453\" \/><strong data-start=\"453\" data-end=\"475\">Inicio de cursada:<\/strong> 16 de agosto de 2025<br data-start=\"496\" data-end=\"499\" \/><strong data-start=\"499\" data-end=\"530\">D\u00edas y horarios de cursado:<\/strong> s\u00e1bados de 8:30 a 11:30 hs<br data-start=\"557\" data-end=\"560\" \/><strong data-start=\"560\" data-end=\"574\">Modalidad:<\/strong> h\u00edbrida (presencial f\u00edsica y sincr\u00f3nica)<br data-start=\"615\" data-end=\"618\" \/><strong data-start=\"618\" data-end=\"631\">Duraci\u00f3n:<\/strong> 6 meses<br data-start=\"639\" data-end=\"642\" \/><strong data-start=\"642\" data-end=\"660\">Carga horaria:<\/strong> 120 horas c\u00e1tedra<br data-start=\"678\" data-end=\"681\" \/><strong data-start=\"681\" data-end=\"702\">Evaluaci\u00f3n final:<\/strong> Presentaci\u00f3n de Trabajo Pr\u00e1ctico Integrador<\/p>\n<h3 data-start=\"755\" data-end=\"775\">Destinatarios<\/h3>\n<p data-start=\"777\" data-end=\"808\">Esta propuesta est\u00e1 dirigida a:<\/p>\n<ul data-start=\"810\" data-end=\"1375\">\n<li data-start=\"810\" data-end=\"946\">\n<p data-start=\"812\" data-end=\"946\">Graduados\/as de las distintas carreras de la Universidad Nacional de Misiones (UNaM): Trabajo Social, Antropolog\u00eda, Enfermer\u00eda, etc.<\/p>\n<\/li>\n<li data-start=\"947\" data-end=\"998\">\n<p data-start=\"949\" data-end=\"998\">Estudiantes avanzados\/as de carreras de la UNaM<\/p>\n<\/li>\n<li data-start=\"999\" data-end=\"1156\">\n<p data-start=\"1001\" data-end=\"1156\">Profesionales y t\u00e9cnicos\/as del campo de la salud mental comunitaria: Psic\u00f3logos\/as, Psiquiatras, Psicopedagogos\/as, M\u00e9dicos\/as, Abogados\/as, entre otros<\/p>\n<\/li>\n<li data-start=\"1157\" data-end=\"1215\">\n<p data-start=\"1159\" data-end=\"1215\">Funcionarios\/as nacionales, provinciales y municipales<\/p>\n<\/li>\n<li data-start=\"1216\" data-end=\"1315\">\n<p data-start=\"1218\" data-end=\"1315\">Miembros de asociaciones civiles, fundaciones y organizaciones sociales con trabajo territorial<\/p>\n<\/li>\n<li data-start=\"1316\" data-end=\"1375\">\n<p data-start=\"1318\" data-end=\"1375\">Estudiantes universitarios con t\u00edtulo de nivel secundario<\/p>\n<\/li>\n<\/ul>\n<h3 data-start=\"1382\" data-end=\"1411\">Informes e Inscripci\u00f3n<\/h3>\n<p data-start=\"1413\" data-end=\"1523\">Para m\u00e1s informaci\u00f3n y consultas, comunicarse por correo electr\u00f3nico a:<br data-start=\"1484\" data-end=\"1487\" \/><strong data-start=\"1490\" data-end=\"1523\"><a class=\"cursor-pointer\" rel=\"noopener\" data-start=\"1492\" data-end=\"1521\">saludmental@fhycs.unam.edu.ar<\/a><\/strong><\/p>\n","protected":false},"excerpt":{"rendered":"<p>&#8220;Construyendo Herramientas para el Abordaje Interactoral&#8221;Resoluci\u00f3n N.\u00ba 201\/25 Informaci\u00f3n General Periodo de inscripci\u00f3n: del 1 de julio al 5 de agosto de 2025Inicio de cursada: 16 de agosto de 2025D\u00edas y horarios de cursado: s\u00e1bados de 8:30 a 11:30 hsModalidad: h\u00edbrida (presencial f\u00edsica y sincr\u00f3nica)Duraci\u00f3n: 6 mesesCarga horaria: 120 horas c\u00e1tedraEvaluaci\u00f3n final: Presentaci\u00f3n de Trabajo [&hellip;]<\/p>\n","protected":false},"author":10,"featured_media":0,"comment_status":"closed","ping_status":"closed","sticky":false,"template":"","format":"standard","meta":{"extendify_custom_stylesheet":""},"categories":[1],"tags":[6139,6138,5],"_links":{"self":[{"href":"https:\/\/www.fhycs.unam.edu.ar\/portada\/wp-json\/wp\/v2\/posts\/40233"}],"collection":[{"href":"https:\/\/www.fhycs.unam.edu.ar\/portada\/wp-json\/wp\/v2\/posts"}],"about":[{"href":"https:\/\/www.fhycs.unam.edu.ar\/portada\/wp-json\/wp\/v2\/types\/post"}],"author":[{"embeddable":true,"href":"https:\/\/www.fhycs.unam.edu.ar\/portada\/wp-json\/wp\/v2\/users\/10"}],"replies":[{"embeddable":true,"href":"https:\/\/www.fhycs.unam.edu.ar\/portada\/wp-json\/wp\/v2\/comments?post=40233"}],"version-history":[{"count":1,"href":"https:\/\/www.fhycs.unam.edu.ar\/portada\/wp-json\/wp\/v2\/posts\/40233\/revisions"}],"predecessor-version":[{"id":40235,"href":"https:\/\/www.fhycs.unam.edu.ar\/portada\/wp-json\/wp\/v2\/posts\/40233\/revisions\/40235"}],"wp:attachment":[{"href":"https:\/\/www.fhycs.unam.edu.ar\/portada\/wp-json\/wp\/v2\/media?parent=40233"}],"wp:term":[{"taxonomy":"category","embeddable":true,"href":"https:\/\/www.fhycs.unam.edu.ar\/portada\/wp-json\/wp\/v2\/categories?post=40233"},{"taxonomy":"post_tag","embeddable":true,"href":"https:\/\/www.fhycs.unam.edu.ar\/portada\/wp-json\/wp\/v2\/tags?post=40233"}],"curies":[{"name":"wp","href":"https:\/\/api.w.org\/{rel}","templated":true}]}}