{"id":40240,"date":"2025-07-01T07:46:06","date_gmt":"2025-07-01T10:46:06","guid":{"rendered":"https:\/\/www.fhycs.unam.edu.ar\/portada\/?p=40240"},"modified":"2025-07-01T07:46:06","modified_gmt":"2025-07-01T10:46:06","slug":"presentamos-el-libro-los-cuidados-en-movimiento-testimonios-visuales-de-la-ctd-av-posadas-misiones","status":"publish","type":"post","link":"https:\/\/www.fhycs.unam.edu.ar\/portada\/presentamos-el-libro-los-cuidados-en-movimiento-testimonios-visuales-de-la-ctd-av-posadas-misiones\/","title":{"rendered":"Presentamos el libro &#8220;Los cuidados en movimiento. Testimonios visuales de la CTD-AV (Posadas, Misiones)&#8221;."},"content":{"rendered":"<p><img loading=\"lazy\" class=\"size-medium wp-image-40241 alignleft\" src=\"https:\/\/www.fhycs.unam.edu.ar\/portada\/wp-content\/uploads\/2025\/07\/0-240x300.png\" alt=\"\" width=\"240\" height=\"300\" srcset=\"https:\/\/www.fhycs.unam.edu.ar\/portada\/wp-content\/uploads\/2025\/07\/0-240x300.png 240w, https:\/\/www.fhycs.unam.edu.ar\/portada\/wp-content\/uploads\/2025\/07\/0-819x1024.png 819w, https:\/\/www.fhycs.unam.edu.ar\/portada\/wp-content\/uploads\/2025\/07\/0-768x960.png 768w, https:\/\/www.fhycs.unam.edu.ar\/portada\/wp-content\/uploads\/2025\/07\/0.png 1080w\" sizes=\"(max-width: 240px) 100vw, 240px\" \/><\/p>\n<p>Publicado por Ediciones FHyCS, tiene como objetivo visibilizar y poner en valor las pr\u00e1cticas de los cuidados que hacen al sostenimiento de la vida de las familias de los barrios periurbanos de Posadas, a trav\u00e9s de los cuidados en salud de la Coordinadora de Trabajadores Desocupados An\u00edbal Ver\u00f3n.<!--more--><\/p>\n<p>Re\u00fane experiencias de los trabajos de investigaci\u00f3n del proyecto: \u201cLos efectos de la pandemia COVID-19: estrategias comunitarias y derecho a la salud desde una perspectiva interseccional\u201d (PICTO-G\u00e9nero 035, 16\/H1914-FE) y \u201cPol\u00edticas sanitarias, cuidados y derechos en contextos periurbanos de Misiones en la postpandemia de COVID-19\u201d (16\/H1754-PI).<\/p>\n<p>En la oportunidad destacaron el valor de esta publicaci\u00f3n, como reflejo de la vinculaci\u00f3n y articulaci\u00f3n de nuestra Facultad con los distintos movimientos sociales, para generar espacios comunitarios y conocimiento para la inclusi\u00f3n social.<\/p>\n","protected":false},"excerpt":{"rendered":"<p>Publicado por Ediciones FHyCS, tiene como objetivo visibilizar y poner en valor las pr\u00e1cticas de los cuidados que hacen al sostenimiento de la vida de las familias de los barrios periurbanos de Posadas, a trav\u00e9s de los cuidados en salud de la Coordinadora de Trabajadores Desocupados An\u00edbal Ver\u00f3n.<\/p>\n","protected":false},"author":10,"featured_media":0,"comment_status":"closed","ping_status":"closed","sticky":false,"template":"","format":"standard","meta":{"extendify_custom_stylesheet":""},"categories":[1],"tags":[5,271,6141],"_links":{"self":[{"href":"https:\/\/www.fhycs.unam.edu.ar\/portada\/wp-json\/wp\/v2\/posts\/40240"}],"collection":[{"href":"https:\/\/www.fhycs.unam.edu.ar\/portada\/wp-json\/wp\/v2\/posts"}],"about":[{"href":"https:\/\/www.fhycs.unam.edu.ar\/portada\/wp-json\/wp\/v2\/types\/post"}],"author":[{"embeddable":true,"href":"https:\/\/www.fhycs.unam.edu.ar\/portada\/wp-json\/wp\/v2\/users\/10"}],"replies":[{"embeddable":true,"href":"https:\/\/www.fhycs.unam.edu.ar\/portada\/wp-json\/wp\/v2\/comments?post=40240"}],"version-history":[{"count":1,"href":"https:\/\/www.fhycs.unam.edu.ar\/portada\/wp-json\/wp\/v2\/posts\/40240\/revisions"}],"predecessor-version":[{"id":40242,"href":"https:\/\/www.fhycs.unam.edu.ar\/portada\/wp-json\/wp\/v2\/posts\/40240\/revisions\/40242"}],"wp:attachment":[{"href":"https:\/\/www.fhycs.unam.edu.ar\/portada\/wp-json\/wp\/v2\/media?parent=40240"}],"wp:term":[{"taxonomy":"category","embeddable":true,"href":"https:\/\/www.fhycs.unam.edu.ar\/portada\/wp-json\/wp\/v2\/categories?post=40240"},{"taxonomy":"post_tag","embeddable":true,"href":"https:\/\/www.fhycs.unam.edu.ar\/portada\/wp-json\/wp\/v2\/tags?post=40240"}],"curies":[{"name":"wp","href":"https:\/\/api.w.org\/{rel}","templated":true}]}}