{"id":40304,"date":"2025-08-01T11:15:33","date_gmt":"2025-08-01T14:15:33","guid":{"rendered":"https:\/\/www.fhycs.unam.edu.ar\/portada\/?p=40304"},"modified":"2025-08-01T11:15:33","modified_gmt":"2025-08-01T14:15:33","slug":"curso-de-lengua-de-senas-nivel-intermedio-3","status":"publish","type":"post","link":"https:\/\/www.fhycs.unam.edu.ar\/portada\/curso-de-lengua-de-senas-nivel-intermedio-3\/","title":{"rendered":"Curso de Lengua de Se\u00f1as Nivel Intermedio"},"content":{"rendered":"<p>Te contamos que pod\u00e9s sumarte al Curso de Lengua de Se\u00f1as Argentina y Cultura Sorda Nivel Intermedio.<\/p>\n<p>El mismo est\u00e1 destinado a las personas que cursaron el Nivel B\u00e1sico.<\/p>\n<p>Inicia el pr\u00f3ximo 5 de agosto y se cursar\u00e1 los d\u00edas martes de 19 a 21 horas, con una duraci\u00f3n de 4 meses.<\/p>\n<p>Cuenta con un costo de inscripci\u00f3n y arancel mensual m\u00ednimo, siendo un curso con entrega de certificados, seg\u00fan Resol. HCD FHyCS N\u00b0 215\/24 del Programa Permanente de Conocimiento de Lengua de Se\u00f1as Argentina y Cultura Sorda de la FHyCS.<\/p>\n<p>A continuaci\u00f3n dejamos el enlace del formulario de inscripci\u00f3n:<br \/>\nNivel Intermedio: <a href=\"https:\/\/forms.gle\/F4HEcHSihEzr28br6\">https:\/\/forms.gle\/F4HEcHSihEzr28br6<\/a><\/p>\n<p>Para m\u00e1s informaci\u00f3n comunicarse al celular 3764-155525 o al correo: cursolsafhycs@gmail.com<\/p>\n","protected":false},"excerpt":{"rendered":"<p>Te contamos que pod\u00e9s sumarte al Curso de Lengua de Se\u00f1as Argentina y Cultura Sorda Nivel Intermedio. El mismo est\u00e1 destinado a las personas que cursaron el Nivel B\u00e1sico. Inicia el pr\u00f3ximo 5 de agosto y se cursar\u00e1 los d\u00edas martes de 19 a 21 horas, con una duraci\u00f3n de 4 meses. Cuenta con un [&hellip;]<\/p>\n","protected":false},"author":10,"featured_media":40305,"comment_status":"closed","ping_status":"closed","sticky":false,"template":"","format":"standard","meta":{"extendify_custom_stylesheet":""},"categories":[1],"tags":[5839,5],"_links":{"self":[{"href":"https:\/\/www.fhycs.unam.edu.ar\/portada\/wp-json\/wp\/v2\/posts\/40304"}],"collection":[{"href":"https:\/\/www.fhycs.unam.edu.ar\/portada\/wp-json\/wp\/v2\/posts"}],"about":[{"href":"https:\/\/www.fhycs.unam.edu.ar\/portada\/wp-json\/wp\/v2\/types\/post"}],"author":[{"embeddable":true,"href":"https:\/\/www.fhycs.unam.edu.ar\/portada\/wp-json\/wp\/v2\/users\/10"}],"replies":[{"embeddable":true,"href":"https:\/\/www.fhycs.unam.edu.ar\/portada\/wp-json\/wp\/v2\/comments?post=40304"}],"version-history":[{"count":1,"href":"https:\/\/www.fhycs.unam.edu.ar\/portada\/wp-json\/wp\/v2\/posts\/40304\/revisions"}],"predecessor-version":[{"id":40306,"href":"https:\/\/www.fhycs.unam.edu.ar\/portada\/wp-json\/wp\/v2\/posts\/40304\/revisions\/40306"}],"wp:featuredmedia":[{"embeddable":true,"href":"https:\/\/www.fhycs.unam.edu.ar\/portada\/wp-json\/wp\/v2\/media\/40305"}],"wp:attachment":[{"href":"https:\/\/www.fhycs.unam.edu.ar\/portada\/wp-json\/wp\/v2\/media?parent=40304"}],"wp:term":[{"taxonomy":"category","embeddable":true,"href":"https:\/\/www.fhycs.unam.edu.ar\/portada\/wp-json\/wp\/v2\/categories?post=40304"},{"taxonomy":"post_tag","embeddable":true,"href":"https:\/\/www.fhycs.unam.edu.ar\/portada\/wp-json\/wp\/v2\/tags?post=40304"}],"curies":[{"name":"wp","href":"https:\/\/api.w.org\/{rel}","templated":true}]}}