{"id":40307,"date":"2025-08-01T11:21:56","date_gmt":"2025-08-01T14:21:56","guid":{"rendered":"https:\/\/www.fhycs.unam.edu.ar\/portada\/?p=40307"},"modified":"2025-08-01T11:21:56","modified_gmt":"2025-08-01T14:21:56","slug":"curso-de-lengua-de-senas-nivel-avanzado-2","status":"publish","type":"post","link":"https:\/\/www.fhycs.unam.edu.ar\/portada\/curso-de-lengua-de-senas-nivel-avanzado-2\/","title":{"rendered":"Curso de Lengua de Se\u00f1as nivel avanzado"},"content":{"rendered":"<p>Tenemos el agrado de comunicar que est\u00e1 abierta la inscripci\u00f3n al Curso de Lengua de Se\u00f1as Argentina Nivel Avanzado.<\/p>\n<p>Destinado a todas las personas que hayan cursado el Curso de LSA Nivel Intermedio.<\/p>\n<p>Inicia el 6 de agosto y se dictar\u00e1 los d\u00edas mi\u00e9rcoles de 19 a 21 horas, con una duraci\u00f3n de 4 meses.<\/p>\n<p>Se brindar\u00e1 certificaci\u00f3n seg\u00fan Resoluci\u00f3n HCD N\u00ba 215\/24 del Programa Permanente de Conocimiento de Lengua de Se\u00f1as Argentina y Cultura Sorda. Cuenta con un costo de inscripci\u00f3n y arancel mensual m\u00ednimo.<\/p>\n<p>\ud83d\udcdd A continuaci\u00f3n dejamos el enlace del formulario de inscripci\u00f3n:<br \/>\nNivel Avanzado:<a href=\"https:\/\/forms.gle\/ZFFuEur7iNHrqjTb7\"> https:\/\/forms.gle\/ZFFuEur7iNHrqjTb7<\/a><\/p>\n<p>M\u00e1s informaci\u00f3n al correo cursolsafhycs@gmail.com o celular 3764-155525<\/p>\n","protected":false},"excerpt":{"rendered":"<p>Tenemos el agrado de comunicar que est\u00e1 abierta la inscripci\u00f3n al Curso de Lengua de Se\u00f1as Argentina Nivel Avanzado. Destinado a todas las personas que hayan cursado el Curso de LSA Nivel Intermedio. Inicia el 6 de agosto y se dictar\u00e1 los d\u00edas mi\u00e9rcoles de 19 a 21 horas, con una duraci\u00f3n de 4 meses. [&hellip;]<\/p>\n","protected":false},"author":10,"featured_media":40308,"comment_status":"closed","ping_status":"closed","sticky":false,"template":"","format":"standard","meta":{"extendify_custom_stylesheet":""},"categories":[1],"tags":[5840,5],"_links":{"self":[{"href":"https:\/\/www.fhycs.unam.edu.ar\/portada\/wp-json\/wp\/v2\/posts\/40307"}],"collection":[{"href":"https:\/\/www.fhycs.unam.edu.ar\/portada\/wp-json\/wp\/v2\/posts"}],"about":[{"href":"https:\/\/www.fhycs.unam.edu.ar\/portada\/wp-json\/wp\/v2\/types\/post"}],"author":[{"embeddable":true,"href":"https:\/\/www.fhycs.unam.edu.ar\/portada\/wp-json\/wp\/v2\/users\/10"}],"replies":[{"embeddable":true,"href":"https:\/\/www.fhycs.unam.edu.ar\/portada\/wp-json\/wp\/v2\/comments?post=40307"}],"version-history":[{"count":1,"href":"https:\/\/www.fhycs.unam.edu.ar\/portada\/wp-json\/wp\/v2\/posts\/40307\/revisions"}],"predecessor-version":[{"id":40309,"href":"https:\/\/www.fhycs.unam.edu.ar\/portada\/wp-json\/wp\/v2\/posts\/40307\/revisions\/40309"}],"wp:featuredmedia":[{"embeddable":true,"href":"https:\/\/www.fhycs.unam.edu.ar\/portada\/wp-json\/wp\/v2\/media\/40308"}],"wp:attachment":[{"href":"https:\/\/www.fhycs.unam.edu.ar\/portada\/wp-json\/wp\/v2\/media?parent=40307"}],"wp:term":[{"taxonomy":"category","embeddable":true,"href":"https:\/\/www.fhycs.unam.edu.ar\/portada\/wp-json\/wp\/v2\/categories?post=40307"},{"taxonomy":"post_tag","embeddable":true,"href":"https:\/\/www.fhycs.unam.edu.ar\/portada\/wp-json\/wp\/v2\/tags?post=40307"}],"curies":[{"name":"wp","href":"https:\/\/api.w.org\/{rel}","templated":true}]}}