{"id":40335,"date":"2025-08-14T16:52:46","date_gmt":"2025-08-14T19:52:46","guid":{"rendered":"https:\/\/www.fhycs.unam.edu.ar\/portada\/?p=40335"},"modified":"2025-09-02T12:14:01","modified_gmt":"2025-09-02T15:14:01","slug":"llamados-a-concursos-docentes","status":"publish","type":"post","link":"https:\/\/www.fhycs.unam.edu.ar\/portada\/llamados-a-concursos-docentes\/","title":{"rendered":"LLAMADOS A CONCURSOS DOCENTES"},"content":{"rendered":"<p><strong>LLAMADOS A CONCURSOS P\u00daBLICOS Y ABIERTOS, DE ANTECEDENTES Y OPOSICI\u00d3N PARA COBERTURA DE CARGOS DOCENTES<\/strong><\/p>\n<table width=\"106%\">\n<thead>\n<tr>\n<td width=\"4%\"><strong>N\u00b0<\/strong><\/td>\n<td width=\"21%\"><strong>CARGO<\/strong><\/td>\n<td width=\"27%\"><strong>ASIGNATURA<\/strong><\/td>\n<td width=\"28%\">\n<h3>CARRERA<\/h3>\n<\/td>\n<td width=\"17%\">\n<h3>PLAZO DE INSCRIPCION<\/h3>\n<\/td>\n<\/tr>\n<tr>\n<td width=\"4%\"><strong>\u00a0<\/strong><\/p>\n<p><strong>1<\/strong><\/td>\n<td width=\"21%\"><strong>PROFESOR\/A<\/strong><\/p>\n<p><strong>JEFE DE TRABAJOS PRACTICOS<\/strong><\/p>\n<p><strong>Dedicaci\u00f3n Simple<\/strong><\/p>\n<p><strong>(1 cargo)<\/strong><\/td>\n<td width=\"27%\"><strong>\u00a0<\/strong><\/p>\n<p><strong>SISTEMAS DE INFORMACI\u00d3N CONTABLE I<\/strong><\/p>\n<p>(1\u00b0 a\u00f1o-Anual)<\/p>\n<p><a href=\"https:\/\/www.fhycs.unam.edu.ar\/portada\/wp-content\/uploads\/2025\/08\/RESO-290-SISTEMAS-DE-INFORMACION-CONTABLE-I.pdf\" target=\"_blank\" rel=\"noopener\">Resoluci\u00f3n C.D. N\u00ba 290\/25<\/a><\/td>\n<td width=\"28%\">\u00b7\u00a0\u00a0 Profesorado en Ciencias Econ\u00f3micas<\/p>\n<p>&nbsp;<\/td>\n<td width=\"17%\">\n<h3>Desde: 04\/08\/25<\/h3>\n<h3>Hasta: 25\/08\/25<\/h3>\n<\/td>\n<\/tr>\n<tr>\n<td width=\"4%\"><strong>\u00a0<\/strong><\/p>\n<p><strong>2<\/strong><\/td>\n<td width=\"21%\"><strong>PROFESOR\/A<\/strong><\/p>\n<p><strong>JEFE DE TRABAJOS PRACTICOS<\/strong><\/p>\n<p><strong>Dedicaci\u00f3n Simple<\/strong><\/p>\n<p><strong>(1 cargo)<\/strong><\/td>\n<td width=\"27%\"><strong>ECONOM\u00cdA\/ INTRODUCCI\u00d3N A LA ECONOM\u00cdA<\/strong><\/p>\n<p>(1\u00b0 a\u00f1o-Cuatrimestral- doble dictado)<\/p>\n<p><a href=\"https:\/\/www.fhycs.unam.edu.ar\/portada\/wp-content\/uploads\/2025\/08\/RESO-291-ECONOMIA-INTRODUCCION-A-LA-ECONOMIA.pdf\" target=\"_blank\" rel=\"noopener\">Resoluci\u00f3n C.D. N\u00ba 291\/25<\/a><\/td>\n<td width=\"28%\">\u00b7\u00a0 Profesorado en Ciencias Econ\u00f3micas<\/td>\n<td width=\"17%\">\n<h3><\/h3>\n<h3>Desde: 05\/08\/25<\/h3>\n<h3>Hasta: 26\/08\/25<\/h3>\n<\/td>\n<\/tr>\n<tr>\n<td width=\"4%\"><strong>\u00a0<\/strong><\/p>\n<p><strong>3<\/strong><\/td>\n<td width=\"21%\"><strong>PROFESOR\/A<\/strong><\/p>\n<p><strong>JEFE DE TRABAJOS PRACTICOS<\/strong><\/p>\n<p><strong>Dedicaci\u00f3n Simple<\/strong><\/p>\n<p><strong>(1 cargo)<\/strong><\/td>\n<td width=\"27%\"><strong>COMPRENSION Y PRODUCCI\u00d3N DEL DISCURSO\/TEXTO<\/strong><\/p>\n<p>(Cuatrimestral- Doble dictado)<\/p>\n<p><a href=\"https:\/\/www.fhycs.unam.edu.ar\/portada\/wp-content\/uploads\/2025\/08\/RESO-292-COMPRENSION-Y-PRODUCCION-DEL-DISCURSO-TEXTO.pdf\" target=\"_blank\" rel=\"noopener\">Resoluci\u00f3n C.D. N\u00ba 292\/25<\/a><\/p>\n<p>&nbsp;<\/td>\n<td width=\"28%\">\u00b7\u00a0\u00a0 Profesorado en Ciencias Econ\u00f3micas<\/p>\n<p>\u00b7\u00a0\u00a0 T\u00e9cnico en Investigaci\u00f3n socioecon\u00f3mica<\/p>\n<p>\u00b7\u00a0\u00a0 Licenciatura en Tratamiento y An\u00e1lisis de Datos para la Investigaci\u00f3n Socioecon\u00f3mica<\/p>\n<p>\u00b7\u00a0\u00a0 Profesorado en Historia con Orientaci\u00f3n en Ciencias Sociales<\/p>\n<p>\u00b7\u00a0\u00a0 Licenciatura en Historia<\/p>\n<p>\u00b7\u00a0 Licenciatura en Trabajo Social<\/td>\n<td width=\"17%\">\n<h3>Desde: 06\/08\/25<\/h3>\n<h3>Hasta: 27\/08\/25<\/h3>\n<p>&nbsp;<\/td>\n<\/tr>\n<tr>\n<td width=\"4%\"><strong>4 <\/strong><\/td>\n<td width=\"21%\"><strong>PROFESOR\/A<\/strong><\/p>\n<p><strong>JEFE DE TRABAJOS PRACTICOS<\/strong><\/p>\n<p><strong>Dedicaci\u00f3n Simple<\/strong><\/p>\n<p><strong>(1 cargo)<\/strong><\/td>\n<td width=\"27%\"><strong>ADMINISTRACI\u00d3N Y ORGANIZACI\u00d3N DE EMPRESAS <\/strong>(2\u00b0 a\u00f1o-Cuatrimestral)<\/p>\n<p>con afectaci\u00f3n a<\/p>\n<p><strong>TALLER DE TECNOLOG\u00cdAS GESTIONALES <\/strong><\/p>\n<p>(3\u00b0 a\u00f1o-Cuatrimestral)<\/p>\n<p style=\"text-align: right;\"><a href=\"https:\/\/www.fhycs.unam.edu.ar\/portada\/wp-content\/uploads\/2025\/08\/RESO-293-ADMINISTRACION-Y-ORGANIZACION-DE-EMPRESAS-c-a-TALLER-DE-TECNOLOGIAS-GESTIONALES.pdf\" target=\"_blank\" rel=\"noopener\">Resoluci\u00f3n C.D. N\u00ba 293\/25<\/a><\/p>\n<\/td>\n<td width=\"28%\">\u00b7\u00a0\u00a0 Profesorado en Ciencias Econ\u00f3micas<\/td>\n<td width=\"17%\">\n<h3>Desde: 07\/08\/25<\/h3>\n<h3>Hasta: 28\/08\/25<\/h3>\n<p>&nbsp;<\/td>\n<\/tr>\n<tr>\n<td width=\"4%\"><strong>5<\/strong><\/td>\n<td width=\"21%\"><strong>PROFESOR\/A<\/strong><\/p>\n<p><strong>JEFE DE TRABAJOS PRACTICOS<\/strong><\/p>\n<p><strong>Dedicaci\u00f3n Simple<\/strong><\/p>\n<p><strong>(1 cargo)<\/strong><\/td>\n<td width=\"27%\"><strong>EDUCACI\u00d3N POR EL MOVIMIENTO <\/strong><\/p>\n<p>(3\u00b0 a\u00f1o-Cuatrimestral)<\/p>\n<p>con afectaci\u00f3n a<\/p>\n<p><strong>SEMINARIO II <\/strong><\/p>\n<p>(4\u00b0 a\u00f1o-Cuatrimestral)<\/p>\n<p style=\"text-align: right;\"><a href=\"https:\/\/www.fhycs.unam.edu.ar\/portada\/wp-content\/\" target=\"_blank\" rel=\"noopener\">Resoluci\u00f3n C.D. N\u00ba 294\/25<\/a><\/p>\n<\/td>\n<td width=\"28%\">\u00b7\u00a0\u00a0 Profesorado en Educaci\u00f3n Especial<\/p>\n<p>&nbsp;<\/td>\n<td width=\"17%\">\n<h3>Desde: 08\/08\/25<\/h3>\n<h3>Hasta: 29\/08\/25<\/h3>\n<h3><\/h3>\n<\/td>\n<\/tr>\n<tr>\n<td width=\"4%\"><strong>6<\/strong><\/td>\n<td width=\"21%\"><strong>PROFESOR\/A<\/strong><\/p>\n<p><strong>JEFE DE TRABAJOS PRACTICOS<\/strong><\/p>\n<p><strong>Dedicaci\u00f3n Simple<\/strong><\/p>\n<p><strong>(1 cargo)<\/strong><\/td>\n<td width=\"27%\"><strong>PSICOMOTRICIDAD <\/strong><\/p>\n<p>(3\u00b0 a\u00f1o-Cuatrimestral)<\/p>\n<p>con afectaci\u00f3n a<\/p>\n<p><strong>\u00a0TALLER INTERDISCIPLINARIO III<\/strong><\/p>\n<p>(4\u00b0 a\u00f1o- Cuatrimestral)<\/p>\n<p><a href=\"https:\/\/www.fhycs.unam.edu.ar\/portada\/wp-content\/uploads\/2025\/08\/RESO-295-PSICOMOTRICIDAD-c-a-TALLER-INTERDISCIPLINARIO-III.pdf\" target=\"_blank\" rel=\"noopener\">Resoluci\u00f3n C.D. N\u00ba 295\/25<\/a><\/td>\n<td width=\"28%\">\u00b7\u00a0\u00a0 Profesorado en Educaci\u00f3n Especial<\/p>\n<p>&nbsp;<\/td>\n<td width=\"17%\">\n<h3>Desde: 11\/08\/25<\/h3>\n<h3>Hasta: 01\/09\/25<\/h3>\n<h3><\/h3>\n<\/td>\n<\/tr>\n<\/thead>\n<\/table>\n<p><!--more--><\/p>\n<p><strong>INFORMES E INSCRIPCI\u00d3NES PRESENCIALES<\/strong>: Direcci\u00f3n de Desarrollo Curricular- Departamento de Concursos Docentes \u2013 Secretar\u00eda Acad\u00e9mica Adjunta, 1er Piso &#8211; Facultad de Humanidades y Ciencias Sociales &#8211; U.Na.M. &#8211; Calle Tucum\u00e1n N\u00ba 1946 \u2013 Posadas &#8211; Misiones.<\/p>\n<p><strong>CONSULTAS AL CORREO ELECTR\u00d3NICO<\/strong>: <a href=\"mailto:concursosdocentes@fhycs.unam.edu.ar\">concursosdocentes@fhycs.unam.edu.ar<\/a><\/p>\n<p><strong>HORARIO DE INFORMES E INSCRIPCI\u00d3NES PRESENCIALES<\/strong>: lunes a Viernes de 07:00 a 12:00 hs.<\/p>\n<p><strong>REQUISITOS<\/strong>: Poseer T\u00edtulo de Grado Universitario; Acreditar Formaci\u00f3n y labor en Docencia Universitaria, de acuerdo al cargo concursado (Art\u00edculos 9\u00ba al 11\u00ba de la Ordenanza CS N\u00ba 082\/17 y Art\u00edculo 5\u00ba, de la Ordenanza CS N\u00ba 084\/21) y requisitos de Perfil, estipulados en cada llamado a concurso.<\/p>\n<p>P\u00e1gina Web http\/\/www.fhycs.unam.edu.ar<\/p>\n<p>&nbsp;<\/p>\n","protected":false},"excerpt":{"rendered":"<p>LLAMADOS A CONCURSOS P\u00daBLICOS Y ABIERTOS, DE ANTECEDENTES Y OPOSICI\u00d3N PARA COBERTURA DE CARGOS DOCENTES N\u00b0 CARGO ASIGNATURA CARRERA PLAZO DE INSCRIPCION \u00a0 1 PROFESOR\/A JEFE DE TRABAJOS PRACTICOS Dedicaci\u00f3n Simple (1 cargo) \u00a0 SISTEMAS DE INFORMACI\u00d3N CONTABLE I (1\u00b0 a\u00f1o-Anual) Resoluci\u00f3n C.D. N\u00ba 290\/25 \u00b7\u00a0\u00a0 Profesorado en Ciencias Econ\u00f3micas &nbsp; Desde: 04\/08\/25 Hasta: 25\/08\/25 [&hellip;]<\/p>\n","protected":false},"author":10,"featured_media":18316,"comment_status":"closed","ping_status":"closed","sticky":false,"template":"","format":"standard","meta":{"extendify_custom_stylesheet":""},"categories":[1],"tags":[5397,5396],"_links":{"self":[{"href":"https:\/\/www.fhycs.unam.edu.ar\/portada\/wp-json\/wp\/v2\/posts\/40335"}],"collection":[{"href":"https:\/\/www.fhycs.unam.edu.ar\/portada\/wp-json\/wp\/v2\/posts"}],"about":[{"href":"https:\/\/www.fhycs.unam.edu.ar\/portada\/wp-json\/wp\/v2\/types\/post"}],"author":[{"embeddable":true,"href":"https:\/\/www.fhycs.unam.edu.ar\/portada\/wp-json\/wp\/v2\/users\/10"}],"replies":[{"embeddable":true,"href":"https:\/\/www.fhycs.unam.edu.ar\/portada\/wp-json\/wp\/v2\/comments?post=40335"}],"version-history":[{"count":4,"href":"https:\/\/www.fhycs.unam.edu.ar\/portada\/wp-json\/wp\/v2\/posts\/40335\/revisions"}],"predecessor-version":[{"id":40345,"href":"https:\/\/www.fhycs.unam.edu.ar\/portada\/wp-json\/wp\/v2\/posts\/40335\/revisions\/40345"}],"wp:featuredmedia":[{"embeddable":true,"href":"https:\/\/www.fhycs.unam.edu.ar\/portada\/wp-json\/wp\/v2\/media\/18316"}],"wp:attachment":[{"href":"https:\/\/www.fhycs.unam.edu.ar\/portada\/wp-json\/wp\/v2\/media?parent=40335"}],"wp:term":[{"taxonomy":"category","embeddable":true,"href":"https:\/\/www.fhycs.unam.edu.ar\/portada\/wp-json\/wp\/v2\/categories?post=40335"},{"taxonomy":"post_tag","embeddable":true,"href":"https:\/\/www.fhycs.unam.edu.ar\/portada\/wp-json\/wp\/v2\/tags?post=40335"}],"curies":[{"name":"wp","href":"https:\/\/api.w.org\/{rel}","templated":true}]}}