{"id":40378,"date":"2025-08-21T12:43:45","date_gmt":"2025-08-21T15:43:45","guid":{"rendered":"https:\/\/www.fhycs.unam.edu.ar\/portada\/?p=40378"},"modified":"2025-09-01T09:01:48","modified_gmt":"2025-09-01T12:01:48","slug":"te-invitamos-a-las-jornadas-de-historia-antigua-generando-comunidad-2025","status":"publish","type":"post","link":"https:\/\/www.fhycs.unam.edu.ar\/portada\/te-invitamos-a-las-jornadas-de-historia-antigua-generando-comunidad-2025\/","title":{"rendered":"Te invitamos a las Jornadas de Historia Antigua &#8220;Generando Comunidad&#8221; 2025"},"content":{"rendered":"<p><img loading=\"lazy\" class=\"size-medium wp-image-40379 alignleft\" src=\"https:\/\/www.fhycs.unam.edu.ar\/portada\/wp-content\/uploads\/2025\/08\/CAMPANO2-200x300.jpg\" alt=\"\" width=\"200\" height=\"300\" srcset=\"https:\/\/www.fhycs.unam.edu.ar\/portada\/wp-content\/uploads\/2025\/08\/CAMPANO2-200x300.jpg 200w, https:\/\/www.fhycs.unam.edu.ar\/portada\/wp-content\/uploads\/2025\/08\/CAMPANO2-682x1024.jpg 682w, https:\/\/www.fhycs.unam.edu.ar\/portada\/wp-content\/uploads\/2025\/08\/CAMPANO2.jpg 687w\" sizes=\"(max-width: 200px) 100vw, 200px\" \/> <img loading=\"lazy\" class=\"size-medium wp-image-40380 alignleft\" src=\"https:\/\/www.fhycs.unam.edu.ar\/portada\/wp-content\/uploads\/2025\/08\/CAMPANO3-200x300.jpg\" alt=\"\" width=\"200\" height=\"300\" srcset=\"https:\/\/www.fhycs.unam.edu.ar\/portada\/wp-content\/uploads\/2025\/08\/CAMPANO3-200x300.jpg 200w, https:\/\/www.fhycs.unam.edu.ar\/portada\/wp-content\/uploads\/2025\/08\/CAMPANO3-682x1024.jpg 682w, https:\/\/www.fhycs.unam.edu.ar\/portada\/wp-content\/uploads\/2025\/08\/CAMPANO3.jpg 687w\" sizes=\"(max-width: 200px) 100vw, 200px\" \/> <img loading=\"lazy\" class=\"size-medium wp-image-40381 alignleft\" src=\"https:\/\/www.fhycs.unam.edu.ar\/portada\/wp-content\/uploads\/2025\/08\/CAMPANO4-200x300.jpg\" alt=\"\" width=\"200\" height=\"300\" srcset=\"https:\/\/www.fhycs.unam.edu.ar\/portada\/wp-content\/uploads\/2025\/08\/CAMPANO4-200x300.jpg 200w, https:\/\/www.fhycs.unam.edu.ar\/portada\/wp-content\/uploads\/2025\/08\/CAMPANO4-683x1024.jpg 683w, https:\/\/www.fhycs.unam.edu.ar\/portada\/wp-content\/uploads\/2025\/08\/CAMPANO4-768x1152.jpg 768w, https:\/\/www.fhycs.unam.edu.ar\/portada\/wp-content\/uploads\/2025\/08\/CAMPANO4.jpg 1000w\" sizes=\"(max-width: 200px) 100vw, 200px\" \/><\/p>\n<p>El 27 y 28 de agosto.<br \/>\nDestinadas a estudiantes, docentes, graduados, investigadores del Nivel Superior y Universitario, \u00a1y p\u00fablico en general!<\/p>\n<p><!--more--><\/p>\n<p><strong>Disertaci\u00f3n Central:<\/strong><br \/>\nDr. Marcelo Campagno | 27\/08 \ud83d\udd52 14:00 &#8211; 18:00 hs<br \/>\n\u00a1Acompa\u00f1ada de kerm\u00e9s, espacio de pintura, degustaci\u00f3n de comida, juegos interactivos y mucho m\u00e1s!<\/p>\n<p><strong>La Traves\u00eda del Saber:<\/strong><br \/>\n28\/08 | SUM &#8220;Juan Figueredo&#8221; 08:00 &#8211; 12:00 hs<br \/>\nEn Ap\u00f3stoles: 15:00 &#8211; 16:00 hs<br \/>\nDisertaciones a cargo del Dr. Marcelo Campagno y Mgter. Silvio Medina<\/p>\n<p><strong>Actividad gratuita.<\/strong><br \/>\nEnmarcada en Resol. HCD de la FHyCS-UNaM 500\/24 y Ministerio de Educaci\u00f3n, Ciencia y Tecnolog\u00eda 307\/25.<\/p>\n<p><strong>No C\u00f3mputo de Inasistencias<\/strong><\/p>\n<iframe src=\"\/\/docs.google.com\/viewer?url=https%3A%2F%2Fwww.fhycs.unam.edu.ar%2Fportada%2Fwp-content%2Fuploads%2F2025%2F08%2FNO-COMPUTO-27-08-2025-07.37.pdf&hl=es&embedded=true\" class=\"gde-frame\" style=\"width:100%; height:500px; border: none;\" scrolling=\"no\"><\/iframe>\n<p class=\"gde-text\"><a href=\"https:\/\/www.fhycs.unam.edu.ar\/portada\/wp-content\/uploads\/2025\/08\/NO-COMPUTO-27-08-2025-07.37.pdf\" class=\"gde-link\">Descargar (PDF, Desconocido)<\/a><\/p>\n","protected":false},"excerpt":{"rendered":"<p>El 27 y 28 de agosto. Destinadas a estudiantes, docentes, graduados, investigadores del Nivel Superior y Universitario, \u00a1y p\u00fablico en general!<\/p>\n","protected":false},"author":10,"featured_media":40400,"comment_status":"closed","ping_status":"closed","sticky":false,"template":"","format":"standard","meta":{"extendify_custom_stylesheet":""},"categories":[1],"tags":[6152],"_links":{"self":[{"href":"https:\/\/www.fhycs.unam.edu.ar\/portada\/wp-json\/wp\/v2\/posts\/40378"}],"collection":[{"href":"https:\/\/www.fhycs.unam.edu.ar\/portada\/wp-json\/wp\/v2\/posts"}],"about":[{"href":"https:\/\/www.fhycs.unam.edu.ar\/portada\/wp-json\/wp\/v2\/types\/post"}],"author":[{"embeddable":true,"href":"https:\/\/www.fhycs.unam.edu.ar\/portada\/wp-json\/wp\/v2\/users\/10"}],"replies":[{"embeddable":true,"href":"https:\/\/www.fhycs.unam.edu.ar\/portada\/wp-json\/wp\/v2\/comments?post=40378"}],"version-history":[{"count":4,"href":"https:\/\/www.fhycs.unam.edu.ar\/portada\/wp-json\/wp\/v2\/posts\/40378\/revisions"}],"predecessor-version":[{"id":40399,"href":"https:\/\/www.fhycs.unam.edu.ar\/portada\/wp-json\/wp\/v2\/posts\/40378\/revisions\/40399"}],"wp:featuredmedia":[{"embeddable":true,"href":"https:\/\/www.fhycs.unam.edu.ar\/portada\/wp-json\/wp\/v2\/media\/40400"}],"wp:attachment":[{"href":"https:\/\/www.fhycs.unam.edu.ar\/portada\/wp-json\/wp\/v2\/media?parent=40378"}],"wp:term":[{"taxonomy":"category","embeddable":true,"href":"https:\/\/www.fhycs.unam.edu.ar\/portada\/wp-json\/wp\/v2\/categories?post=40378"},{"taxonomy":"post_tag","embeddable":true,"href":"https:\/\/www.fhycs.unam.edu.ar\/portada\/wp-json\/wp\/v2\/tags?post=40378"}],"curies":[{"name":"wp","href":"https:\/\/api.w.org\/{rel}","templated":true}]}}