{"id":40530,"date":"2025-08-31T11:52:15","date_gmt":"2025-08-31T14:52:15","guid":{"rendered":"https:\/\/www.fhycs.unam.edu.ar\/portada\/?p=40530"},"modified":"2025-09-11T11:54:06","modified_gmt":"2025-09-11T14:54:06","slug":"participamos-en-el-xxxi-congreso-nacional-y-iv-provincial-de-trabajo-social","status":"publish","type":"post","link":"https:\/\/www.fhycs.unam.edu.ar\/portada\/participamos-en-el-xxxi-congreso-nacional-y-iv-provincial-de-trabajo-social\/","title":{"rendered":"Participamos en el XXXI Congreso Nacional y IV Provincial de Trabajo Social"},"content":{"rendered":"<p><img loading=\"lazy\" class=\"size-medium wp-image-40531 alignleft\" src=\"https:\/\/www.fhycs.unam.edu.ar\/portada\/wp-content\/uploads\/2025\/09\/CONGRESO-0-240x300.png\" alt=\"\" width=\"240\" height=\"300\" srcset=\"https:\/\/www.fhycs.unam.edu.ar\/portada\/wp-content\/uploads\/2025\/09\/CONGRESO-0-240x300.png 240w, https:\/\/www.fhycs.unam.edu.ar\/portada\/wp-content\/uploads\/2025\/09\/CONGRESO-0-819x1024.png 819w, https:\/\/www.fhycs.unam.edu.ar\/portada\/wp-content\/uploads\/2025\/09\/CONGRESO-0-768x960.png 768w, https:\/\/www.fhycs.unam.edu.ar\/portada\/wp-content\/uploads\/2025\/09\/CONGRESO-0.png 1080w\" sizes=\"(max-width: 240px) 100vw, 240px\" \/><\/p>\n<p>Participamos en el XXXI Congreso Nacional y IV Provincial de Trabajo Social en Resistencia, Chaco, del 7 al 9 de agosto, con el lema &#8220;Entre lo posible y lo imposible: tensiones y transformaciones del Trabajo Social. A 10 a\u00f1os de la Ley Federal&#8221;.<!--more--><\/p>\n<p>M\u00e1s de 1500 profesionales, docentes, investigadores y estudiantes de todo el pa\u00eds, e incluso algunos de Paraguay, compartieron un espacio de intercambio, reflexi\u00f3n y debate.<\/p>\n<p>Las jornadas incluyeron ponencias, mesas de experiencias, foros, muestras, rondas y expresiones culturales, con alrededor de 170 trabajos presentados.<br \/>\nAdem\u00e1s en el marco del congreso tambi\u00e9n se organiz\u00f3 una mesa de trabajo d\u00f3nde participaron estudiantes y graduados de la Lic. en Trabajo Social-Ciclo de la regi\u00f3n NEA. Y se entregaron 108 t\u00edtulos a los graduados\/as del Ciclo.<\/p>\n<p>Participaron la Vicedecana Dra. Zulma Cabrera, la Secretaria General Acad\u00e9mica Mgter. Gisela Spasiuk, la Directora del Departamento Mgter. Alicia Vera, docentes, graduados y estudiantes.<\/p>\n<p>All\u00ed se anunci\u00f3 que en 2027 el Congreso ser\u00e1 en Catamarca.<\/p>\n","protected":false},"excerpt":{"rendered":"<p>Participamos en el XXXI Congreso Nacional y IV Provincial de Trabajo Social en Resistencia, Chaco, del 7 al 9 de agosto, con el lema &#8220;Entre lo posible y lo imposible: tensiones y transformaciones del Trabajo Social. A 10 a\u00f1os de la Ley Federal&#8221;.<\/p>\n","protected":false},"author":10,"featured_media":0,"comment_status":"closed","ping_status":"closed","sticky":false,"template":"","format":"standard","meta":{"extendify_custom_stylesheet":""},"categories":[1],"tags":[6163],"_links":{"self":[{"href":"https:\/\/www.fhycs.unam.edu.ar\/portada\/wp-json\/wp\/v2\/posts\/40530"}],"collection":[{"href":"https:\/\/www.fhycs.unam.edu.ar\/portada\/wp-json\/wp\/v2\/posts"}],"about":[{"href":"https:\/\/www.fhycs.unam.edu.ar\/portada\/wp-json\/wp\/v2\/types\/post"}],"author":[{"embeddable":true,"href":"https:\/\/www.fhycs.unam.edu.ar\/portada\/wp-json\/wp\/v2\/users\/10"}],"replies":[{"embeddable":true,"href":"https:\/\/www.fhycs.unam.edu.ar\/portada\/wp-json\/wp\/v2\/comments?post=40530"}],"version-history":[{"count":1,"href":"https:\/\/www.fhycs.unam.edu.ar\/portada\/wp-json\/wp\/v2\/posts\/40530\/revisions"}],"predecessor-version":[{"id":40532,"href":"https:\/\/www.fhycs.unam.edu.ar\/portada\/wp-json\/wp\/v2\/posts\/40530\/revisions\/40532"}],"wp:attachment":[{"href":"https:\/\/www.fhycs.unam.edu.ar\/portada\/wp-json\/wp\/v2\/media?parent=40530"}],"wp:term":[{"taxonomy":"category","embeddable":true,"href":"https:\/\/www.fhycs.unam.edu.ar\/portada\/wp-json\/wp\/v2\/categories?post=40530"},{"taxonomy":"post_tag","embeddable":true,"href":"https:\/\/www.fhycs.unam.edu.ar\/portada\/wp-json\/wp\/v2\/tags?post=40530"}],"curies":[{"name":"wp","href":"https:\/\/api.w.org\/{rel}","templated":true}]}}