{"id":40533,"date":"2025-07-11T11:58:46","date_gmt":"2025-07-11T14:58:46","guid":{"rendered":"https:\/\/www.fhycs.unam.edu.ar\/portada\/?p=40533"},"modified":"2025-09-11T12:01:40","modified_gmt":"2025-09-11T15:01:40","slug":"participamos-de-la-x-conferencia-latinoamericana-y-caribena-de-ciencias-sociales","status":"publish","type":"post","link":"https:\/\/www.fhycs.unam.edu.ar\/portada\/participamos-de-la-x-conferencia-latinoamericana-y-caribena-de-ciencias-sociales\/","title":{"rendered":"Participamos de la X Conferencia Latinoamericana y Caribe\u00f1a de Ciencias Sociales"},"content":{"rendered":"<p>Durante la conferencia, Gisela Spasiuk particip\u00f3 activamente como moderadora, panelista y en espacios de reflexi\u00f3n colectiva, abordando temas clave para la regi\u00f3n:<\/p>\n<blockquote>\n<h4 style=\"text-align: right;\"><span style=\"color: #008080;\">9 al 12 de junio | Bogot\u00e1, Colombia<\/span><br \/>\n<span style=\"color: #008080;\">Mgter. Gisela Spasiuk \u2013 FHyCS de la Universidad Nacional de Misiones (Argentina)<\/span><\/h4>\n<\/blockquote>\n<p><!--more--><\/p>\n<p>\ud83d\udd39 Paneles y mesas de debate sobre:<br \/>\n* Democracia, derechos humanos y paz<br \/>\n* Pol\u00edticas p\u00fablicas, educaci\u00f3n y g\u00e9nero<br \/>\n* Impacto de las nuevas derechas globales sobre las familias y ciudadan\u00edas en Argentina<\/p>\n<p>\ud83d\udd39 Participaci\u00f3n destacada en el Grupo de Trabajo CLACSO sobre luchas antipatriarcales, g\u00e9neros y diversidades.<\/p>\n<p>\ud83d\udd39 Reflexi\u00f3n cr\u00edtica sobre el escenario actual en Argentina tras la llegada de Javier Milei.<\/p>\n<p>\ud83c\udf0e Cientistas sociales de toda Am\u00e9rica Latina y el Caribe se reunieron para reflexionar colectivamente sobre los desaf\u00edos actuales en la Conferencia organizada por el Consejo Latinoamericano de Ciencias Sociales<\/p>\n","protected":false},"excerpt":{"rendered":"<p>Durante la conferencia, Gisela Spasiuk particip\u00f3 activamente como moderadora, panelista y en espacios de reflexi\u00f3n colectiva, abordando temas clave para la regi\u00f3n: 9 al 12 de junio | Bogot\u00e1, Colombia Mgter. Gisela Spasiuk \u2013 FHyCS de la Universidad Nacional de Misiones (Argentina)<\/p>\n","protected":false},"author":10,"featured_media":40534,"comment_status":"closed","ping_status":"closed","sticky":false,"template":"","format":"standard","meta":{"extendify_custom_stylesheet":""},"categories":[1],"tags":[],"_links":{"self":[{"href":"https:\/\/www.fhycs.unam.edu.ar\/portada\/wp-json\/wp\/v2\/posts\/40533"}],"collection":[{"href":"https:\/\/www.fhycs.unam.edu.ar\/portada\/wp-json\/wp\/v2\/posts"}],"about":[{"href":"https:\/\/www.fhycs.unam.edu.ar\/portada\/wp-json\/wp\/v2\/types\/post"}],"author":[{"embeddable":true,"href":"https:\/\/www.fhycs.unam.edu.ar\/portada\/wp-json\/wp\/v2\/users\/10"}],"replies":[{"embeddable":true,"href":"https:\/\/www.fhycs.unam.edu.ar\/portada\/wp-json\/wp\/v2\/comments?post=40533"}],"version-history":[{"count":1,"href":"https:\/\/www.fhycs.unam.edu.ar\/portada\/wp-json\/wp\/v2\/posts\/40533\/revisions"}],"predecessor-version":[{"id":40535,"href":"https:\/\/www.fhycs.unam.edu.ar\/portada\/wp-json\/wp\/v2\/posts\/40533\/revisions\/40535"}],"wp:featuredmedia":[{"embeddable":true,"href":"https:\/\/www.fhycs.unam.edu.ar\/portada\/wp-json\/wp\/v2\/media\/40534"}],"wp:attachment":[{"href":"https:\/\/www.fhycs.unam.edu.ar\/portada\/wp-json\/wp\/v2\/media?parent=40533"}],"wp:term":[{"taxonomy":"category","embeddable":true,"href":"https:\/\/www.fhycs.unam.edu.ar\/portada\/wp-json\/wp\/v2\/categories?post=40533"},{"taxonomy":"post_tag","embeddable":true,"href":"https:\/\/www.fhycs.unam.edu.ar\/portada\/wp-json\/wp\/v2\/tags?post=40533"}],"curies":[{"name":"wp","href":"https:\/\/api.w.org\/{rel}","templated":true}]}}