{"id":40537,"date":"2025-09-16T08:23:22","date_gmt":"2025-09-16T11:23:22","guid":{"rendered":"https:\/\/www.fhycs.unam.edu.ar\/portada\/?p=40537"},"modified":"2025-09-16T08:23:22","modified_gmt":"2025-09-16T11:23:22","slug":"comunicado-importante-sobre-mesas-del-17-de-septiembre-por-la-tarde","status":"publish","type":"post","link":"https:\/\/www.fhycs.unam.edu.ar\/portada\/comunicado-importante-sobre-mesas-del-17-de-septiembre-por-la-tarde\/","title":{"rendered":"Comunicado Importante sobre mesas del 17 de septiembre por la tarde"},"content":{"rendered":"<p><img loading=\"lazy\" class=\"size-medium wp-image-40538 alignleft\" src=\"https:\/\/www.fhycs.unam.edu.ar\/portada\/wp-content\/uploads\/2025\/09\/mesas-de-examen-240x300.png\" alt=\"\" width=\"240\" height=\"300\" srcset=\"https:\/\/www.fhycs.unam.edu.ar\/portada\/wp-content\/uploads\/2025\/09\/mesas-de-examen-240x300.png 240w, https:\/\/www.fhycs.unam.edu.ar\/portada\/wp-content\/uploads\/2025\/09\/mesas-de-examen-819x1024.png 819w, https:\/\/www.fhycs.unam.edu.ar\/portada\/wp-content\/uploads\/2025\/09\/mesas-de-examen-768x960.png 768w, https:\/\/www.fhycs.unam.edu.ar\/portada\/wp-content\/uploads\/2025\/09\/mesas-de-examen.png 1080w\" sizes=\"(max-width: 240px) 100vw, 240px\" \/><\/p>\n<p>Informamos que, debido al cese de actividades previsto para el mi\u00e9rcoles 17 de septiembre a partir de las 15:00 hs, en el marco de la Marcha Federal por la Universidad P\u00fablica, todas las mesas de examen programadas para la tarde de ese d\u00eda fueron reprogramadas.<!--more--><\/p>\n<p>Las nuevas fechas y horarios ya fueron reprogramadas y remitidas a los correos de los\/as estudiantes y profesores\/as.<\/p>\n<p>La medida tiene como objetivo facilitar la participaci\u00f3n de toda la comunidad educativa en esta importante jornada.<\/p>\n<p>Agradecemos su comprensi\u00f3n.<\/p>\n","protected":false},"excerpt":{"rendered":"<p>Informamos que, debido al cese de actividades previsto para el mi\u00e9rcoles 17 de septiembre a partir de las 15:00 hs, en el marco de la Marcha Federal por la Universidad P\u00fablica, todas las mesas de examen programadas para la tarde de ese d\u00eda fueron reprogramadas.<\/p>\n","protected":false},"author":10,"featured_media":0,"comment_status":"closed","ping_status":"closed","sticky":false,"template":"","format":"standard","meta":{"extendify_custom_stylesheet":""},"categories":[1],"tags":[6164],"_links":{"self":[{"href":"https:\/\/www.fhycs.unam.edu.ar\/portada\/wp-json\/wp\/v2\/posts\/40537"}],"collection":[{"href":"https:\/\/www.fhycs.unam.edu.ar\/portada\/wp-json\/wp\/v2\/posts"}],"about":[{"href":"https:\/\/www.fhycs.unam.edu.ar\/portada\/wp-json\/wp\/v2\/types\/post"}],"author":[{"embeddable":true,"href":"https:\/\/www.fhycs.unam.edu.ar\/portada\/wp-json\/wp\/v2\/users\/10"}],"replies":[{"embeddable":true,"href":"https:\/\/www.fhycs.unam.edu.ar\/portada\/wp-json\/wp\/v2\/comments?post=40537"}],"version-history":[{"count":1,"href":"https:\/\/www.fhycs.unam.edu.ar\/portada\/wp-json\/wp\/v2\/posts\/40537\/revisions"}],"predecessor-version":[{"id":40539,"href":"https:\/\/www.fhycs.unam.edu.ar\/portada\/wp-json\/wp\/v2\/posts\/40537\/revisions\/40539"}],"wp:attachment":[{"href":"https:\/\/www.fhycs.unam.edu.ar\/portada\/wp-json\/wp\/v2\/media?parent=40537"}],"wp:term":[{"taxonomy":"category","embeddable":true,"href":"https:\/\/www.fhycs.unam.edu.ar\/portada\/wp-json\/wp\/v2\/categories?post=40537"},{"taxonomy":"post_tag","embeddable":true,"href":"https:\/\/www.fhycs.unam.edu.ar\/portada\/wp-json\/wp\/v2\/tags?post=40537"}],"curies":[{"name":"wp","href":"https:\/\/api.w.org\/{rel}","templated":true}]}}