{"id":40552,"date":"2025-09-17T07:59:46","date_gmt":"2025-09-17T10:59:46","guid":{"rendered":"https:\/\/www.fhycs.unam.edu.ar\/portada\/?p=40552"},"modified":"2025-09-17T07:59:46","modified_gmt":"2025-09-17T10:59:46","slug":"invitan-a-un-espacio-reflexivo-por-el-aniversario-de-eduardo-galeano","status":"publish","type":"post","link":"https:\/\/www.fhycs.unam.edu.ar\/portada\/invitan-a-un-espacio-reflexivo-por-el-aniversario-de-eduardo-galeano\/","title":{"rendered":"Invitan a un espacio reflexivo por el aniversario de Eduardo Galeano"},"content":{"rendered":"<p>Celebrando los 85 a\u00f1os del escritor uruguayo Eduardo Galeano, este jueves 18 de septiembre, a las 19hs, en la Biblioteca Popular Posadas, nos encontramos para compartir un espacio de lectura e intercambio colectivo de su obra y, a partir de all\u00ed, tratar de ir compartiendo algunas claves para pensar nuestro mundo, nuestro tiempo y los desaf\u00edos urgentes.<\/p>\n<p><strong>Invitamos a acercarse con su libro predilecto del autor, de manera de compartir y conversar.<\/strong><\/p>\n<p>La actividad es organizada por la C\u00e1tedra Libre Eduardo Galeano Helena Villagra de la UNaM, \u00e1mbito que intenta constituirse en un espacio de formaci\u00f3n abierto a la comunidad en general y plural, que asuma como referencia la matriz epistemol\u00f3gica y sentipensante de la obra de Eduardo Galeano para emprender colectivamente din\u00e1micas de estudio participativas, promover espacios pedag\u00f3gicos cr\u00edticos, conversaciones que pongan de relieve perspectivas latinoamericanas que contribuyan a re-pensar las diversas problem\u00e1ticas y desaf\u00edos pret\u00e9ritos y actuales que atraviesan a nuestro continente y a los pueblos del Sur global.*<\/p>\n<p>Acompa\u00f1an y apoyan esta actividad: el Espacio Misiones por Palestina, la Biblioteca Popular Posadas, el Departamento de la Carrera de Comunicaci\u00f3n Social, el Doctorado en Ciencias Humanas y Sociales de la FHyCS y la Asociaci\u00f3n Amigos de Eduardo Galeano.<\/p>\n<p><strong>Equipo de la C\u00e1tedra Libre EGHV \u2013 UNaM<\/strong><br \/>\nCoordinaci\u00f3n general: Dr. Alexis Rasftopolo, Dra. Delia Ramirez, Dr. Javier Gortari<br \/>\nDise\u00f1o gr\u00e1fico: Gustavo Sejumil (Contacto +54 9 3764 77-0071)<br \/>\nComunicaci\u00f3n y redes sociales: Lic. Ana Espinoza, Lic. Estefanis Gonz\u00e1lez<br \/>\nContacto: catedralibreeghvunam@gmail.com<\/p>\n","protected":false},"excerpt":{"rendered":"<p>Celebrando los 85 a\u00f1os del escritor uruguayo Eduardo Galeano, este jueves 18 de septiembre, a las 19hs, en la Biblioteca Popular Posadas, nos encontramos para compartir un espacio de lectura e intercambio colectivo de su obra y, a partir de all\u00ed, tratar de ir compartiendo algunas claves para pensar nuestro mundo, nuestro tiempo y los [&hellip;]<\/p>\n","protected":false},"author":10,"featured_media":40553,"comment_status":"closed","ping_status":"closed","sticky":false,"template":"","format":"standard","meta":{"extendify_custom_stylesheet":""},"categories":[3694,197],"tags":[5,6165],"_links":{"self":[{"href":"https:\/\/www.fhycs.unam.edu.ar\/portada\/wp-json\/wp\/v2\/posts\/40552"}],"collection":[{"href":"https:\/\/www.fhycs.unam.edu.ar\/portada\/wp-json\/wp\/v2\/posts"}],"about":[{"href":"https:\/\/www.fhycs.unam.edu.ar\/portada\/wp-json\/wp\/v2\/types\/post"}],"author":[{"embeddable":true,"href":"https:\/\/www.fhycs.unam.edu.ar\/portada\/wp-json\/wp\/v2\/users\/10"}],"replies":[{"embeddable":true,"href":"https:\/\/www.fhycs.unam.edu.ar\/portada\/wp-json\/wp\/v2\/comments?post=40552"}],"version-history":[{"count":1,"href":"https:\/\/www.fhycs.unam.edu.ar\/portada\/wp-json\/wp\/v2\/posts\/40552\/revisions"}],"predecessor-version":[{"id":40554,"href":"https:\/\/www.fhycs.unam.edu.ar\/portada\/wp-json\/wp\/v2\/posts\/40552\/revisions\/40554"}],"wp:featuredmedia":[{"embeddable":true,"href":"https:\/\/www.fhycs.unam.edu.ar\/portada\/wp-json\/wp\/v2\/media\/40553"}],"wp:attachment":[{"href":"https:\/\/www.fhycs.unam.edu.ar\/portada\/wp-json\/wp\/v2\/media?parent=40552"}],"wp:term":[{"taxonomy":"category","embeddable":true,"href":"https:\/\/www.fhycs.unam.edu.ar\/portada\/wp-json\/wp\/v2\/categories?post=40552"},{"taxonomy":"post_tag","embeddable":true,"href":"https:\/\/www.fhycs.unam.edu.ar\/portada\/wp-json\/wp\/v2\/tags?post=40552"}],"curies":[{"name":"wp","href":"https:\/\/api.w.org\/{rel}","templated":true}]}}