{"id":40555,"date":"2025-09-17T12:31:20","date_gmt":"2025-09-17T15:31:20","guid":{"rendered":"https:\/\/www.fhycs.unam.edu.ar\/portada\/?p=40555"},"modified":"2025-09-17T12:31:20","modified_gmt":"2025-09-17T15:31:20","slug":"resolucion-del-consejo-directivo-en-apoyo-a-la-ley-de-financiamiento-universitario","status":"publish","type":"post","link":"https:\/\/www.fhycs.unam.edu.ar\/portada\/resolucion-del-consejo-directivo-en-apoyo-a-la-ley-de-financiamiento-universitario\/","title":{"rendered":"Resoluci\u00f3n del Consejo Directivo en apoyo a la Ley de Financiamiento Universitario"},"content":{"rendered":"<p data-start=\"316\" data-end=\"477\"><strong data-start=\"316\" data-end=\"477\">En una sesi\u00f3n Extraordinario el Consejo Directivo, mediante Res. 380\/25, expresa su<span class=\"fontstyle2\"> apoyo a la Ley de Financiamiento Universitario sancionada en 2025, que garantiza la actualizaci\u00f3n autom\u00e1tica de los recursos para las universidades nacionales y repudia <\/span><\/strong><strong data-start=\"316\" data-end=\"477\"><span class=\"fontstyle2\">el veto presidencial segun Decreto N\u00b0 647\/2025, entendiendo que vulnera la autonomia universitaria<\/span>\u00a0<\/strong><\/p>\n<p data-start=\"316\" data-end=\"477\"><strong data-start=\"316\" data-end=\"477\"> DEFENSA DE LA EDUCACI\u00d3N P\u00daBLICA<\/strong><\/p>\n<p data-start=\"479\" data-end=\"855\">El <strong data-start=\"482\" data-end=\"592\">Consejo Directivo de la Facultad de Humanidades y Ciencias Sociales de la Universidad Nacional de Misiones<\/strong> ha expresado su firme <strong data-start=\"615\" data-end=\"665\">apoyo a la Ley de Financiamiento Universitario<\/strong> aprobada en 2025 y ha <strong data-start=\"688\" data-end=\"722\">repudiado el veto presidencial<\/strong> (Decreto N\u00b0 647\/2025) que compromete gravemente la <strong data-start=\"774\" data-end=\"801\">autonom\u00eda universitaria<\/strong> y el <strong data-start=\"807\" data-end=\"841\">derecho a la educaci\u00f3n p\u00fablica<\/strong> en Argentina.<\/p>\n<p data-start=\"857\" data-end=\"1264\">El veto representa un <strong data-start=\"879\" data-end=\"897\">ataque directo<\/strong> a la estabilidad financiera de las universidades nacionales, poniendo en peligro salarios docentes y no docentes, infraestructura universitaria y pol\u00edticas esenciales como las becas <strong data-start=\"1080\" data-end=\"1095\">&#8220;Progresar&#8221;<\/strong>. Adem\u00e1s, la falta de financiamiento adecuado limita la <strong data-start=\"1151\" data-end=\"1203\">inversi\u00f3n en investigaci\u00f3n, ciencia y tecnolog\u00eda<\/strong>, pilares fundamentales para el desarrollo soberano del pa\u00eds.<\/p>\n<p data-start=\"1266\" data-end=\"1489\">En este contexto, la UNaM, junto con universidades de todo el pa\u00eds y organismos nacionales como el <strong data-start=\"1365\" data-end=\"1376\">CONICET<\/strong> y el <strong data-start=\"1382\" data-end=\"1389\">CIN<\/strong>, se comprometen a seguir defendiendo una <strong data-start=\"1431\" data-end=\"1488\">universidad p\u00fablica, gratuita, inclusiva y de calidad<\/strong>.<\/p>\n<p data-start=\"1491\" data-end=\"1675\"><strong data-start=\"1491\" data-end=\"1538\">Nos convocamos a la comunidad universitaria<\/strong> a participar activamente en las <strong data-start=\"1571\" data-end=\"1607\">movilizaciones y actos federales<\/strong> en defensa del financiamiento universitario y la educaci\u00f3n p\u00fablica.<\/p>\n<h3 data-start=\"1491\" data-end=\"1675\">Ver Resoluci\u00f3n:<\/h3>\n<iframe src=\"\/\/docs.google.com\/viewer?url=https%3A%2F%2Fwww.fhycs.unam.edu.ar%2Fportada%2Fwp-content%2Fuploads%2F2025%2F09%2FRes-HCD-380_2025-1-Sesion-Extraordinaria-2025.pdf&hl=es&embedded=true\" class=\"gde-frame\" style=\"width:100%; height:500px; border: none;\" scrolling=\"no\"><\/iframe>\n<p class=\"gde-text\"><a href=\"https:\/\/www.fhycs.unam.edu.ar\/portada\/wp-content\/uploads\/2025\/09\/Res-HCD-380_2025-1-Sesion-Extraordinaria-2025.pdf\" class=\"gde-link\">Descargar (PDF, Desconocido)<\/a><\/p>\n","protected":false},"excerpt":{"rendered":"<p>En una sesi\u00f3n Extraordinario el Consejo Directivo, mediante Res. 380\/25, expresa su apoyo a la Ley de Financiamiento Universitario sancionada en 2025, que garantiza la actualizaci\u00f3n autom\u00e1tica de los recursos para las universidades nacionales y repudia el veto presidencial segun Decreto N\u00b0 647\/2025, entendiendo que vulnera la autonomia universitaria\u00a0 DEFENSA DE LA EDUCACI\u00d3N P\u00daBLICA El [&hellip;]<\/p>\n","protected":false},"author":10,"featured_media":20402,"comment_status":"closed","ping_status":"closed","sticky":false,"template":"","format":"standard","meta":{"extendify_custom_stylesheet":""},"categories":[1],"tags":[5,6166],"_links":{"self":[{"href":"https:\/\/www.fhycs.unam.edu.ar\/portada\/wp-json\/wp\/v2\/posts\/40555"}],"collection":[{"href":"https:\/\/www.fhycs.unam.edu.ar\/portada\/wp-json\/wp\/v2\/posts"}],"about":[{"href":"https:\/\/www.fhycs.unam.edu.ar\/portada\/wp-json\/wp\/v2\/types\/post"}],"author":[{"embeddable":true,"href":"https:\/\/www.fhycs.unam.edu.ar\/portada\/wp-json\/wp\/v2\/users\/10"}],"replies":[{"embeddable":true,"href":"https:\/\/www.fhycs.unam.edu.ar\/portada\/wp-json\/wp\/v2\/comments?post=40555"}],"version-history":[{"count":1,"href":"https:\/\/www.fhycs.unam.edu.ar\/portada\/wp-json\/wp\/v2\/posts\/40555\/revisions"}],"predecessor-version":[{"id":40557,"href":"https:\/\/www.fhycs.unam.edu.ar\/portada\/wp-json\/wp\/v2\/posts\/40555\/revisions\/40557"}],"wp:featuredmedia":[{"embeddable":true,"href":"https:\/\/www.fhycs.unam.edu.ar\/portada\/wp-json\/wp\/v2\/media\/20402"}],"wp:attachment":[{"href":"https:\/\/www.fhycs.unam.edu.ar\/portada\/wp-json\/wp\/v2\/media?parent=40555"}],"wp:term":[{"taxonomy":"category","embeddable":true,"href":"https:\/\/www.fhycs.unam.edu.ar\/portada\/wp-json\/wp\/v2\/categories?post=40555"},{"taxonomy":"post_tag","embeddable":true,"href":"https:\/\/www.fhycs.unam.edu.ar\/portada\/wp-json\/wp\/v2\/tags?post=40555"}],"curies":[{"name":"wp","href":"https:\/\/api.w.org\/{rel}","templated":true}]}}