{"id":40559,"date":"2025-09-18T11:08:41","date_gmt":"2025-09-18T14:08:41","guid":{"rendered":"https:\/\/www.fhycs.unam.edu.ar\/portada\/?p=40559"},"modified":"2025-09-18T16:37:04","modified_gmt":"2025-09-18T19:37:04","slug":"seminario-de-posgrado-democratizacion-de-las-relaciones-familiares-y-sociopoliticas","status":"publish","type":"post","link":"https:\/\/www.fhycs.unam.edu.ar\/portada\/seminario-de-posgrado-democratizacion-de-las-relaciones-familiares-y-sociopoliticas\/","title":{"rendered":"Seminario de Posgrado: Democratizaci\u00f3n de las Relaciones Familiares y Sociopol\u00edticas"},"content":{"rendered":"<hr \/>\n<p style=\"padding-left: 40px;\" data-start=\"1289\" data-end=\"1696\">Este seminario aborda los procesos de <strong data-start=\"1327\" data-end=\"1353\">democratizaci\u00f3n social<\/strong> en la vida cotidiana y las estructuras familiares, desde una perspectiva cr\u00edtica, feminista e interseccional. Se analizar\u00e1n los discursos sobre las necesidades y derechos, las tensiones entre justicia distributiva y justicia del reconocimiento, y los avances y resistencias frente a pol\u00edticas p\u00fablicas como la Educaci\u00f3n Sexual Integral (ESI).<\/p>\n<p data-start=\"1723\" data-end=\"1815\">Busca, entre otros aspectos, profundizar en los enfoques te\u00f3ricos sobre democracia, ciudadan\u00eda y sus desaf\u00edos actuales y analizar el avance de autoritarismos y las desigualdades sociales.<\/p>\n<blockquote>\n<h4 style=\"text-align: right;\" data-start=\"447\" data-end=\"628\"><span style=\"color: #008080;\">Primer encuentro<strong data-start=\"450\" data-end=\"470\">:<\/strong> 26 de septiembre de 2025 (presencial\/virtual)<\/span><\/h4>\n<h4 style=\"text-align: right;\" data-start=\"447\" data-end=\"628\"><span style=\"color: #008080;\">Segundo encuentro: 10 de octubre de 10 a 12 hs y de 15 a 17 hs. (virtual)<\/span><\/h4>\n<p>Solicitar informaci\u00f3n: abordajefamiliar@fhycs.unam.edu.ar \/ doctorado.hycs.unam@gmail.com<\/p><\/blockquote>\n<p data-start=\"630\" data-end=\"750\"><strong data-start=\"633\" data-end=\"651\">Carga horaria:<\/strong> 30 horas<br data-start=\"660\" data-end=\"663\" \/><strong data-start=\"667\" data-end=\"680\">Organiza:<\/strong> Maestr\u00eda en Abordaje Familiar y Doctorado en Ciencias Humanas y Sociales (FHyCS-UNaM)<\/p>\n<h3 data-start=\"757\" data-end=\"786\"><strong data-start=\"761\" data-end=\"784\">Docente responsable<\/strong><\/h3>\n<p data-start=\"787\" data-end=\"1309\"><strong data-start=\"787\" data-end=\"813\">Dra. Graciela Di Marco<\/strong><\/p>\n<p>Graciela Di Marco es soci\u00f3loga, doctora en Ciencias Sociales por la Universidad de Buenos Aires y Especialista en derechos humanos y pol\u00edticas sociales, democratizaci\u00f3n social y de las familias, movimientos sociales, feminismos y sexualidades. Sus investigaciones recientes versan sobre pol\u00edticas sociales comparadas en Am\u00e9rica Latina y sobre los procesos de democratizaci\u00f3n en los 80 en el sur de Am\u00e9rica Latina y los actuales en el norte de \u00c1frica desde una perspectiva comparativa que integra el marco te\u00f3rico de democracia radical y democratizaci\u00f3n, la teor\u00eda cr\u00edtica de los derechos humanos y la teor\u00eda feminista.<\/p>\n<p>Es docente de posgrado en la UNSAM, donde adem\u00e1s dirige el Centro de Estudios sobre Democratizaci\u00f3n y Derechos Humanos y el Programa de Posgrado en Derechos Humanos y Pol\u00edticas Sociales (maestr\u00eda, especializaci\u00f3n y diplomatura). Adem\u00e1s, co coordina un grupo de trabajo del Consejo Latinoamericano de Ciencias Sociales (CLACSO). Se ha desempe\u00f1ado como consultora en diferentes \u00e1reas gubernamentales y organismos internacionales. Ha sido directora general de Pol\u00edticas Sociales en el Gobierno de la Ciudad de Buenos Aires y directora nacional en el Ministerio de Educaci\u00f3n de la Naci\u00f3n.<\/p>\n<p>Public\u00f3 libros y art\u00edculos, y ha participado en numerosos congresos y reuniones cient\u00edficas en el pa\u00eds y el exterior.<\/p>\n<p><strong data-start=\"2150\" data-end=\"2164\">CONTENIDOS<\/strong><\/p>\n<p data-start=\"2566\" data-end=\"2613\">\n","protected":false},"excerpt":{"rendered":"<p>Este seminario aborda los procesos de democratizaci\u00f3n social en la vida cotidiana y las estructuras familiares, desde una perspectiva cr\u00edtica, feminista e interseccional. Se analizar\u00e1n los discursos sobre las necesidades y derechos, las tensiones entre justicia distributiva y justicia del reconocimiento, y los avances y resistencias frente a pol\u00edticas p\u00fablicas como la Educaci\u00f3n Sexual Integral [&hellip;]<\/p>\n","protected":false},"author":10,"featured_media":40560,"comment_status":"closed","ping_status":"closed","sticky":false,"template":"","format":"standard","meta":{"extendify_custom_stylesheet":""},"categories":[1],"tags":[5,6167],"_links":{"self":[{"href":"https:\/\/www.fhycs.unam.edu.ar\/portada\/wp-json\/wp\/v2\/posts\/40559"}],"collection":[{"href":"https:\/\/www.fhycs.unam.edu.ar\/portada\/wp-json\/wp\/v2\/posts"}],"about":[{"href":"https:\/\/www.fhycs.unam.edu.ar\/portada\/wp-json\/wp\/v2\/types\/post"}],"author":[{"embeddable":true,"href":"https:\/\/www.fhycs.unam.edu.ar\/portada\/wp-json\/wp\/v2\/users\/10"}],"replies":[{"embeddable":true,"href":"https:\/\/www.fhycs.unam.edu.ar\/portada\/wp-json\/wp\/v2\/comments?post=40559"}],"version-history":[{"count":3,"href":"https:\/\/www.fhycs.unam.edu.ar\/portada\/wp-json\/wp\/v2\/posts\/40559\/revisions"}],"predecessor-version":[{"id":40571,"href":"https:\/\/www.fhycs.unam.edu.ar\/portada\/wp-json\/wp\/v2\/posts\/40559\/revisions\/40571"}],"wp:featuredmedia":[{"embeddable":true,"href":"https:\/\/www.fhycs.unam.edu.ar\/portada\/wp-json\/wp\/v2\/media\/40560"}],"wp:attachment":[{"href":"https:\/\/www.fhycs.unam.edu.ar\/portada\/wp-json\/wp\/v2\/media?parent=40559"}],"wp:term":[{"taxonomy":"category","embeddable":true,"href":"https:\/\/www.fhycs.unam.edu.ar\/portada\/wp-json\/wp\/v2\/categories?post=40559"},{"taxonomy":"post_tag","embeddable":true,"href":"https:\/\/www.fhycs.unam.edu.ar\/portada\/wp-json\/wp\/v2\/tags?post=40559"}],"curies":[{"name":"wp","href":"https:\/\/api.w.org\/{rel}","templated":true}]}}