{"id":40586,"date":"2025-09-23T13:00:15","date_gmt":"2025-09-23T16:00:15","guid":{"rendered":"https:\/\/www.fhycs.unam.edu.ar\/portada\/?p=40586"},"modified":"2025-10-06T12:37:18","modified_gmt":"2025-10-06T15:37:18","slug":"charla-debate-pensar-el-conflicto-palestino-israeli","status":"publish","type":"post","link":"https:\/\/www.fhycs.unam.edu.ar\/portada\/charla-debate-pensar-el-conflicto-palestino-israeli\/","title":{"rendered":"Charla debate: &#8220;Pensar el conflicto palestino-israel\u00ed&#8221;"},"content":{"rendered":"<p>La C\u00e1tedra Libre Eduardo Galeano Helena Villagra de la Universidad Nacional de Misiones, en articulaci\u00f3n con el Espacio Misiones por Palestina, invita este viernes 26 de septiembre, a las 17 horas, a la charla debate: &#8220;Pensar el conflicto palestino-israel\u00ed&#8221; con la presencia de Luis E. Sabini Fern\u00e1ndez, en el SUM Juan Figueredo de la Facultad de Humanidades (UNaM), Tucum\u00e1n 1946<\/p>\n<p>Luis E. Sabini Fern\u00e1ndez (Montevideo 1938) es escritor especializado en temas ecol\u00f3gicos y sobre el conflicto palestino-israel\u00ed, problem\u00e1ticas sobre las que public\u00f3 numerosos art\u00edculos y varios libros. Se desempe\u00f1a adem\u00e1s como editor, corrector y traductor. Colabor\u00f3 en los Cuadernos de Marcha, en el semanario Brecha y en las revistas Humor y El Porte\u00f1o. En los \u00b470 particip\u00f3 en la coordinaci\u00f3n gr\u00e1fica de la Revista Crisis, donde trabaj\u00f3 junto a Eduardo Galeano, Juan Gelman, An\u00edbal Ford, o Hermenegildo S\u00e1bat, entre otros.<\/p>\n<p>Durante su exilio en Suecia colabor\u00f3 tambi\u00e9n en distintas publicaciones y medios europeos. Tambi\u00e9n en Buenos Aires edit\u00f3 la revista Futuros y form\u00f3 parte de la C\u00e1tedra Libre de Derechos Humanos de la UBA, junto a Osvaldo Bayer.<br \/>\nAcompa\u00f1an esta actividad: la Biblioteca Popular Posadas, el Departamento de la Carrera de Comunicaci\u00f3n Social, el Doctorado en Ciencias Humanas y Sociales de la FHCS y la Asociaci\u00f3n Amigos de Eduardo Galeano.<\/p>\n<p>Equipo de la C\u00e1tedra Libre EGHV \u2013 UNaM<br \/>\nCoordinaci\u00f3n general: Dr. Alexis Rasftopolo, Dra. Delia Ramirez, Dr. Javier Gortari; dise\u00f1o gr\u00e1fico: Gustavo Sejumil; comunicaci\u00f3n y redes sociales: Lic. Ana Espinoza, Lic. Estefanis Gonz\u00e1lez<br \/>\nContacto: catedralibreeghvunam@gmail.com<\/p>\n","protected":false},"excerpt":{"rendered":"<p>La C\u00e1tedra Libre Eduardo Galeano Helena Villagra de la Universidad Nacional de Misiones, en articulaci\u00f3n con el Espacio Misiones por Palestina, invita este viernes 26 de septiembre, a las 17 horas, a la charla debate: &#8220;Pensar el conflicto palestino-israel\u00ed&#8221; con la presencia de Luis E. Sabini Fern\u00e1ndez, en el SUM Juan Figueredo de la Facultad [&hellip;]<\/p>\n","protected":false},"author":10,"featured_media":40587,"comment_status":"closed","ping_status":"closed","sticky":false,"template":"","format":"standard","meta":{"extendify_custom_stylesheet":""},"categories":[1],"tags":[6168],"_links":{"self":[{"href":"https:\/\/www.fhycs.unam.edu.ar\/portada\/wp-json\/wp\/v2\/posts\/40586"}],"collection":[{"href":"https:\/\/www.fhycs.unam.edu.ar\/portada\/wp-json\/wp\/v2\/posts"}],"about":[{"href":"https:\/\/www.fhycs.unam.edu.ar\/portada\/wp-json\/wp\/v2\/types\/post"}],"author":[{"embeddable":true,"href":"https:\/\/www.fhycs.unam.edu.ar\/portada\/wp-json\/wp\/v2\/users\/10"}],"replies":[{"embeddable":true,"href":"https:\/\/www.fhycs.unam.edu.ar\/portada\/wp-json\/wp\/v2\/comments?post=40586"}],"version-history":[{"count":1,"href":"https:\/\/www.fhycs.unam.edu.ar\/portada\/wp-json\/wp\/v2\/posts\/40586\/revisions"}],"predecessor-version":[{"id":40588,"href":"https:\/\/www.fhycs.unam.edu.ar\/portada\/wp-json\/wp\/v2\/posts\/40586\/revisions\/40588"}],"wp:featuredmedia":[{"embeddable":true,"href":"https:\/\/www.fhycs.unam.edu.ar\/portada\/wp-json\/wp\/v2\/media\/40587"}],"wp:attachment":[{"href":"https:\/\/www.fhycs.unam.edu.ar\/portada\/wp-json\/wp\/v2\/media?parent=40586"}],"wp:term":[{"taxonomy":"category","embeddable":true,"href":"https:\/\/www.fhycs.unam.edu.ar\/portada\/wp-json\/wp\/v2\/categories?post=40586"},{"taxonomy":"post_tag","embeddable":true,"href":"https:\/\/www.fhycs.unam.edu.ar\/portada\/wp-json\/wp\/v2\/tags?post=40586"}],"curies":[{"name":"wp","href":"https:\/\/api.w.org\/{rel}","templated":true}]}}