{"id":40593,"date":"2025-09-24T08:07:06","date_gmt":"2025-09-24T11:07:06","guid":{"rendered":"https:\/\/www.fhycs.unam.edu.ar\/portada\/?p=40593"},"modified":"2025-10-17T07:08:15","modified_gmt":"2025-10-17T10:08:15","slug":"mate-con-ciencia-iv-invitacion-emergencias-agendas-y-discapacidad","status":"publish","type":"post","link":"https:\/\/www.fhycs.unam.edu.ar\/portada\/mate-con-ciencia-iv-invitacion-emergencias-agendas-y-discapacidad\/","title":{"rendered":"Mate con Ciencia IV | Invitaci\u00f3n Emergencias, Agendas y Discapacidad"},"content":{"rendered":"<p dir=\"ltr\">Las\/os invitamos al Quinto Encuentro\u00a0\u00a0Ciclo de charlas Mate con Ciencia IV \u00a0<span id=\"m_-3235819532221824394gmail-docs-internal-guid-0e79d021-7fff-8961-2b7d-0edfd0a91fdf\">Emergencias, Agendas y Discapacidad<\/span>.<\/p>\n<blockquote>\n<p dir=\"ltr\"><strong>Disertan:<\/strong><\/p>\n<p dir=\"ltr\">Bel\u00e9n Gim\u00e9nez (IESyH, CONICET-UNaM)<\/p>\n<p dir=\"ltr\">Noelia Dormond (IESyH, CONICET-UNaM)<\/p>\n<\/blockquote>\n<p dir=\"ltr\">Modera: Luc\u00eda Vel\u00e1zquez &#8211;\u00a0\u00a0Presidenta de la Red de Comunicadores con Discapacidad Visual y vicepresidenta de la Federaci\u00f3n Argentina de Instituciones de Ciegos y Ambl\u00edopes (FAICA).<\/p>\n<blockquote>\n<h4 dir=\"ltr\" style=\"text-align: right;\">Lunes 29 de septiembre| 19 h<\/h4>\n<h4 dir=\"ltr\" style=\"text-align: right;\">Biblioteca Popular Posadas \u2013 C\u00f3rdoba 2069, 1\u00b0 piso<\/h4>\n<h4 dir=\"ltr\" style=\"text-align: right;\">Entrada libre y gratuita<\/h4>\n<\/blockquote>\n<p dir=\"ltr\">La emergencia en discapacidad expuso violencias sin precedentes hacia este colectivo. A partir de las luchas colectivas y la reciente promulgaci\u00f3n de la Ley por parte del Poder Ejecutivo, el encuentro propone reflexionar sobre el lugar de la voz de las personas con discapacidad en la construcci\u00f3n de opini\u00f3n p\u00fablica y conocimiento, los efectos en los cuidados, la educaci\u00f3n y las luchas colectivas. El debate tambi\u00e9n recupera elementos te\u00f3ricos de las investigaciones de las disertantes para pensar c\u00f3mo los discursos de odio habilitan violencias que expulsan con m\u00e1s fuerza a quienes no se ajustan a los modos normativos de habitar los cuerpos.<\/p>\n<p dir=\"ltr\"><b>Tra\u00e9 tus preguntas, tus ideas y tus ganas de compartir \u00a1Las\/os esperamos!<\/b><\/p>\n<p dir=\"ltr\">Organiza: Instituto de Estudios Sociales y Humanos (IESyH \u2013 CONICET \/ UNaM)<\/p>\n<p dir=\"ltr\">Conoc\u00e9 m\u00e1s:\u00a0<a href=\"http:\/\/www.iesyh.conicet.gov.ar\/\" target=\"_blank\" rel=\"noopener\" data-saferedirecturl=\"https:\/\/www.google.com\/url?q=http:\/\/www.iesyh.conicet.gov.ar&amp;source=gmail&amp;ust=1758796751121000&amp;usg=AOvVaw3aAlf3KBMC4QD3jReJKDue\">www.iesyh.conicet.gov.ar<\/a><\/p>\n<p dir=\"ltr\">Seguinos en las redes: Instagram\u00a0<a href=\"https:\/\/www.instagram.com\/iesyh.conicet.unam\/\" target=\"_blank\" rel=\"noopener\" data-saferedirecturl=\"https:\/\/www.google.com\/url?q=https:\/\/www.instagram.com\/iesyh.conicet.unam\/&amp;source=gmail&amp;ust=1758796751121000&amp;usg=AOvVaw2-jFaSXrWRHnYvWrIoI8DF\">@iesyh.conicet.unam<\/a>\u00a0&#8211; Facebook\u00a0<a href=\"https:\/\/www.facebook.com\/iesyh.conicet.unam\/\" target=\"_blank\" rel=\"noopener\" data-saferedirecturl=\"https:\/\/www.google.com\/url?q=https:\/\/www.facebook.com\/iesyh.conicet.unam\/&amp;source=gmail&amp;ust=1758796751121000&amp;usg=AOvVaw314i1S7hcTEWqpXwAlzJgb\">iesyh.conicet.unam<\/a><\/p>\n","protected":false},"excerpt":{"rendered":"<p>Las\/os invitamos al Quinto Encuentro\u00a0\u00a0Ciclo de charlas Mate con Ciencia IV \u00a0Emergencias, Agendas y Discapacidad. Disertan: Bel\u00e9n Gim\u00e9nez (IESyH, CONICET-UNaM) Noelia Dormond (IESyH, CONICET-UNaM) Modera: Luc\u00eda Vel\u00e1zquez &#8211;\u00a0\u00a0Presidenta de la Red de Comunicadores con Discapacidad Visual y vicepresidenta de la Federaci\u00f3n Argentina de Instituciones de Ciegos y Ambl\u00edopes (FAICA). Lunes 29 de septiembre| 19 h [&hellip;]<\/p>\n","protected":false},"author":10,"featured_media":40594,"comment_status":"closed","ping_status":"closed","sticky":false,"template":"","format":"standard","meta":{"extendify_custom_stylesheet":""},"categories":[2501],"tags":[6172,6171],"_links":{"self":[{"href":"https:\/\/www.fhycs.unam.edu.ar\/portada\/wp-json\/wp\/v2\/posts\/40593"}],"collection":[{"href":"https:\/\/www.fhycs.unam.edu.ar\/portada\/wp-json\/wp\/v2\/posts"}],"about":[{"href":"https:\/\/www.fhycs.unam.edu.ar\/portada\/wp-json\/wp\/v2\/types\/post"}],"author":[{"embeddable":true,"href":"https:\/\/www.fhycs.unam.edu.ar\/portada\/wp-json\/wp\/v2\/users\/10"}],"replies":[{"embeddable":true,"href":"https:\/\/www.fhycs.unam.edu.ar\/portada\/wp-json\/wp\/v2\/comments?post=40593"}],"version-history":[{"count":1,"href":"https:\/\/www.fhycs.unam.edu.ar\/portada\/wp-json\/wp\/v2\/posts\/40593\/revisions"}],"predecessor-version":[{"id":40595,"href":"https:\/\/www.fhycs.unam.edu.ar\/portada\/wp-json\/wp\/v2\/posts\/40593\/revisions\/40595"}],"wp:featuredmedia":[{"embeddable":true,"href":"https:\/\/www.fhycs.unam.edu.ar\/portada\/wp-json\/wp\/v2\/media\/40594"}],"wp:attachment":[{"href":"https:\/\/www.fhycs.unam.edu.ar\/portada\/wp-json\/wp\/v2\/media?parent=40593"}],"wp:term":[{"taxonomy":"category","embeddable":true,"href":"https:\/\/www.fhycs.unam.edu.ar\/portada\/wp-json\/wp\/v2\/categories?post=40593"},{"taxonomy":"post_tag","embeddable":true,"href":"https:\/\/www.fhycs.unam.edu.ar\/portada\/wp-json\/wp\/v2\/tags?post=40593"}],"curies":[{"name":"wp","href":"https:\/\/api.w.org\/{rel}","templated":true}]}}