{"id":40596,"date":"2025-09-24T08:24:50","date_gmt":"2025-09-24T11:24:50","guid":{"rendered":"https:\/\/www.fhycs.unam.edu.ar\/portada\/?p=40596"},"modified":"2025-09-24T08:24:50","modified_gmt":"2025-09-24T11:24:50","slug":"talleres-charlas-tecnicas-punto-de-industria-y-encuentro-universitario-en-la-22va-edicion-del-obera-en-cortos-festival-internacional-de-cine-por-identidad-y-diversidad-cultural","status":"publish","type":"post","link":"https:\/\/www.fhycs.unam.edu.ar\/portada\/talleres-charlas-tecnicas-punto-de-industria-y-encuentro-universitario-en-la-22va-edicion-del-obera-en-cortos-festival-internacional-de-cine-por-identidad-y-diversidad-cultural\/","title":{"rendered":"Talleres, Charlas T\u00e9cnicas,\u00a0Punto de industria y Encuentro Universitario en\u00a0 la 22va edici\u00f3n del \u201cOber\u00e1 en Cortos Festival Internacional de Cine por Identidad y Diversidad Cultural\u201d"},"content":{"rendered":"<p dir=\"ltr\">El festival tradicionalmente ofrece actividades a diversos p\u00fablicos por un lado a quienes encuentran en el cine, la cultura y la m\u00fasica un momento de paseo y ocio creativo y por otro a les hacedores de la industria cultural, volvi\u00e9ndose una universidad popular de cine\u00a0 y punto de industria que fortalece un polo regional.<\/p>\n<p dir=\"ltr\">Del 6 al 11 de octubre, el 22 OECFICIDC,\u00a0referentes del cine y la cultura audiovisual de la regi\u00f3n, que brindar\u00e1n\u00a0Talleres, Charlas t\u00e9cnicas y participar\u00e1n del Punto de Industria y Encuentro Universitario.\u00a0 Poniendo en foco a les autores y la producci\u00f3n de la regi\u00f3n\u00a0de\u00a0Paraguay, Uruguay, Sur de Brasil y NEA argentino como un territorio cultural compartido y un polo productivo.\u00a0 Participan empresas c\u00f3mo TV- Globo, 2527 estudio audiovisual, Andar Audiovisual,\u00a0 Filmar M\u00fasica, entidades de fomento como INAP (Instituto Nacional del Audiovisual Paraguayo, IAAvIM (Instituto de Artes Audiovisuales de Misiones), Fondec (Fondo Nacional de la Cultura y las Artes de Paraguay)\u00a0, IAER (Instituto de Artes Audiovisuales de Entre R\u00edos), IECINE (Instituto Estadual de Cine de R\u00edo Grande do Sul),\u00a0 as\u00ed como las plataformas Box Brazil y Filmar M\u00fasica, estar\u00e1n presentes para compartir herramientas, fortalecer y dinamizar proyectos. Como tambi\u00e9n estudiantes y docentes de UNAM, UNE , ENERCNEA y UNILA.<\/p>\n<p dir=\"ltr\">La propuesta consta de\u00a0cinco talleres pr\u00e1cticos\u00a0intensivos de cuatro jornadas, que suceder\u00e1n por las ma\u00f1anas en la FAYD, enfocados en Desarrollo de proyectos de animaci\u00f3n, Realizaci\u00f3n audiovisual dirigida a Infancias, Video Clips, Cine Sordo y Cr\u00edtica Cinematogr\u00e1fica, que ya tienen abiertas sus inscripciones y postulaciones a becas.\u00a0 Por otro lado un\u00a0\u00a0\u201cPunto de Industria\u201d\u00a0\u00a0que estar\u00e1 abierto los d\u00edas 9, 10 y 11 por las ma\u00f1ana y ser\u00e1 un espacio para reuniones y desayunos de trabajo, con paneles que ponen en la mira en, el scouting de talento creativo para la producci\u00f3n de ficci\u00f3n en TV, las plataformas de contenido, el asesoramiento jur\u00eddico para coproducciones\u00a0 y las herramientas de fomento\u00a0 y pol\u00edticas p\u00fablicas existentes en la regi\u00f3n.<br \/>\nMientras que por las tardes en las\u00a0\u201cCharlas t\u00e9cnicas\u201d\u00a0 destacados profesionales\u00a0 compartir\u00e1n experiencias\u00a0 sobre Lenguaje Cinematogr\u00e1fico, Conservaci\u00f3n y patrimonio, El legado de Fernando Birri a 100 a\u00f1os de su nacimiento,\u00a0 Accesibilidad, la Cultura Sorda y el lenguaje audiovisual, Plataformas para videoclips y\u00a0 Adaptaciones literarias de cine para infancias.<\/p>\n<p dir=\"ltr\"><strong>Las charlas t\u00e9cnicas<\/strong><\/p>\n<p dir=\"ltr\">Por primera vez llega Filmar M\u00fasica a Misiones, una plataforma digital argentina dedicada a la difusi\u00f3n de videoclips y al reconocimiento del trabajo de realizadores audiovisuales, m\u00fasicos y creadores vinculados a la m\u00fasica y la imagen.\u00a0 Su fundadora y directora creativa, Laura Manson, junto con Josi Guaimas -artista visual y programador- abordar\u00e1n sobre el videoclip como un laboratorio de narrativas y espacio de experimentaci\u00f3n est\u00e9tica y visual. \u201cEste espacio de capacitaci\u00f3n e intercambio busca analizar el rol del videoclip como algo m\u00e1s que el de puente entre la industria musical y todas las ramas del audiovisual. Desarrolla su propia identidad como formato, a la vez que identifica la visi\u00f3n de directores, equipo creativo y artistas que son parte\u201d describieron desde Filmar M\u00fasica.<\/p>\n<p dir=\"ltr\">El ciclo tambi\u00e9n contar\u00e1 con la llegada de la reconocida directora, guionista y productora argentina, Anah\u00ed Berneri, para intercambiar miradas y conocer -en un di\u00e1logo \u00edntimo- una trayectoria\u00a0 que marc\u00f3 el cine argentino contempor\u00e1neo.<\/p>\n<p dir=\"ltr\">Por su parte, Mercedes Rondina y Gustavo Duarte, responsables del \u00c1rea Cinemateca del Archivo Fernando Birri desembarcan con su legado audiovisual para hablar de la conservaci\u00f3n, preservaci\u00f3n del cine as\u00ed c\u00f3mo sobre el legado del cineasta santafecino Fernando Birri .<\/p>\n<p dir=\"ltr\">Entre las novedades, habr\u00e1 un d\u00eda especial dedicado a hablar de cine y accesibilidad. Con la presencia de Rodrigo Couto, el especialista en tecnolog\u00eda, dise\u00f1ador audiovisual y militante de la comunidad sorda, se har\u00e1 un recorrido por experiencias que muestran c\u00f3mo la accesibilidad puede integrarse a los procesos creativos y a la circulaci\u00f3n de contenidos, garantizando igualdad de acceso a la cultura.<\/p>\n<p dir=\"ltr\">Finalmente, el contenido destinado a las infancias vuelve a tener protagonismo y une a cineastas para intercambiar sobre sus experiencias de contar para infancias a partir de la literatura. Ser\u00e1 un di\u00e1logo con Fernanda\u00a0 Ribeiz (autora de Natasha), Elian Gu\u00e9rin y Maco Pacheco (Cuentos de Terror para Franco) sobre los procesos de adaptaci\u00f3n y los desaf\u00edos de producir contenidos audiovisuales para ni\u00f1as, ni\u00f1os y j\u00f3venes.<\/p>\n<p dir=\"ltr\">Cabe destacar que las\u00a0\u201cCharlas T\u00e9cnicas\u201d\u00a0son abiertas al p\u00fablico, no requieren inscripci\u00f3n previa y se desarrollar\u00e1n del martes 7 al viernes 10 de octubre, de 15 a 16 hs y el s\u00e1bado desde las 14.30 hs en la Carpa de la Plaza San Mart\u00edn de Ober\u00e1, uno de los escenarios del Festival Internacional de Cine Ober\u00e1 en Cortos por la Identidad y Diversidad Cultural.<\/p>\n<p dir=\"ltr\"><strong>Entre Fronteras: la industria audiovisual como punto de encuentro\u00a0<\/strong><\/p>\n<p dir=\"ltr\">Otra de las propuestas del Espacio Entre Fronteras es el Punto de Industria, un nuevo formato que busca fortalecer la red audiovisual, con un \u00e1mbito de encuentro profesional para detectar oportunidades y proyectar colaboraciones a futuro.<\/p>\n<p dir=\"ltr\">El punto de Industria funcionar\u00e1\u00a0 los d\u00edas Jueves 9, viernes 10 y S\u00e1bado 11 de\u00a0 9 a 12 hs con paneles y espacio de co-working. Con acreditaci\u00f3n libre y gratuita en la web.<\/p>\n<p dir=\"ltr\">La TV Globo de Brasil se har\u00e1 presente a trav\u00e9s de William Hinestrosa, quien desarrollar\u00e1 sobre el proceso de Talent Scout de Est\u00fadios Globo (Brasil), enfocado en directores, guionistas y las formas de presentaci\u00f3n de talentos a los l\u00edderes art\u00edsticos de los Est\u00fadios. \u00a0 Adem\u00e1s, desde la plataforma Vox Brasil debatir\u00e1n sobre los desaf\u00edos de una regi\u00f3n sin fronteras, reflexionando sobre d\u00f3nde y c\u00f3mo unir esfuerzos para construir una verdadera colaboraci\u00f3n regional.<\/p>\n<p dir=\"ltr\">Adem\u00e1s, Andar Audiovisual estar\u00e1 a disposici\u00f3n con asesor\u00eda legal para profundizar en marcos normativos, recursos disponibles y experiencias de fomento audiovisual en la regi\u00f3n, pensado para profesionales y proyectos en desarrollo.<\/p>\n<p dir=\"ltr\">Con un mapa audiovisual en expansi\u00f3n, el Festival Internacional de Cine Ober\u00e1 en Cortos funciona como un lugar de fomento de la industria, abierto a profesionales y p\u00fablico en general, con el prop\u00f3sito de promover el intercambio, estimular la reflexi\u00f3n cr\u00edtica y ampliar la sensibilidad art\u00edstica de la regi\u00f3n.<\/p>\n<p dir=\"ltr\"><strong>Ent\u00e9rate de la informaci\u00f3n sobre los talleres en nuestra p\u00e1gina.\u00a0<\/strong><\/p>\n<p dir=\"ltr\">Finalmente el\u00a0Encuentro Universitario\u00a0es convocado por estudiantes universitarios\u00a0 de las Facultades de HFySC y la FADYD, propiciar\u00e1 un espacio a fin de generar posibilidades de intercambios solidarios para el desarrollo acad\u00e9mico y profesional en el territorio Entre Fronteras. Participar\u00e1n estudiantes y docentes de UNAM, UNE , ENERCNEA y UNILA.<\/p>\n<p dir=\"ltr\">El encuentro de estudiantes a realizarse en el marco del festival audiovisual Ober\u00e1 en Cortos, tiene por objetivo principal fomentar la interacci\u00f3n y la conexi\u00f3n entre estudiantes afines a las carreras audiovisuales de la regi\u00f3n. Tambi\u00e9n es vital para el encuentro, que los estudiantes intercambien puntos de vista y experiencias propias de cada carrera y de los campos profesionales, que formen lazos y generen contactos como futuros colegas.<\/p>\n<p dir=\"ltr\">Sostener estas relaciones se dificulta cuando los estudiantes no est\u00e1n en contacto permanente, es por esto que el evento busca incentivar la creaci\u00f3n de otros espacios de intercambio que puedan mantenerse incluso una vez finalizado el festival.<\/p>\n<p dir=\"ltr\">La edici\u00f3n del Encuentro de Estudiantes 2025 est\u00e1 pensada para llevarse a cabo durante los tres \u00faltimos d\u00edas del festival, es decir el 9, 10 y 11 de octubre del presente a\u00f1o. La duraci\u00f3n estimada de cada encuentro ser\u00e1 de 2 horas.<\/p>\n<p dir=\"ltr\">Las y los interesados en participar del encuentro\u00a0Universitario podr\u00e1n inscribirse en el siguiente formulario.\u00a0<a href=\"https:\/\/docs.google.com\/forms\/d\/e\/1FAIpQLSccfeV_C8xgBEEaYIl02_yIH4EQp-5gyzGgLWX\" target=\"_blank\" rel=\"noopener\" data-saferedirecturl=\"https:\/\/www.google.com\/url?q=https:\/\/docs.google.com\/forms\/d\/e\/1FAIpQLSccfeV_C8xgBEEaYIl02_yIH4EQp-5gyzGgLWX&amp;source=gmail&amp;ust=1758796756851000&amp;usg=AOvVaw3kAwvOxd-ikVRJ9uQw5d3x\">https:\/\/docs.<wbr \/>google.com\/forms\/d\/e\/<wbr \/>1FAIpQLSccfeV_C8xgBEEaYIl02_<wbr \/>yIH4EQp-5gyzGgLWX<\/a>\u00a0DwAhyRbb4dg\/<wbr \/>viewform?usp=dialog<\/p>\n","protected":false},"excerpt":{"rendered":"<p>El festival tradicionalmente ofrece actividades a diversos p\u00fablicos por un lado a quienes encuentran en el cine, la cultura y la m\u00fasica un momento de paseo y ocio creativo y por otro a les hacedores de la industria cultural, volvi\u00e9ndose una universidad popular de cine\u00a0 y punto de industria que fortalece un polo regional. Del [&hellip;]<\/p>\n","protected":false},"author":10,"featured_media":0,"comment_status":"closed","ping_status":"closed","sticky":false,"template":"","format":"standard","meta":{"extendify_custom_stylesheet":""},"categories":[4661],"tags":[6173,1100,6174,1828],"_links":{"self":[{"href":"https:\/\/www.fhycs.unam.edu.ar\/portada\/wp-json\/wp\/v2\/posts\/40596"}],"collection":[{"href":"https:\/\/www.fhycs.unam.edu.ar\/portada\/wp-json\/wp\/v2\/posts"}],"about":[{"href":"https:\/\/www.fhycs.unam.edu.ar\/portada\/wp-json\/wp\/v2\/types\/post"}],"author":[{"embeddable":true,"href":"https:\/\/www.fhycs.unam.edu.ar\/portada\/wp-json\/wp\/v2\/users\/10"}],"replies":[{"embeddable":true,"href":"https:\/\/www.fhycs.unam.edu.ar\/portada\/wp-json\/wp\/v2\/comments?post=40596"}],"version-history":[{"count":1,"href":"https:\/\/www.fhycs.unam.edu.ar\/portada\/wp-json\/wp\/v2\/posts\/40596\/revisions"}],"predecessor-version":[{"id":40597,"href":"https:\/\/www.fhycs.unam.edu.ar\/portada\/wp-json\/wp\/v2\/posts\/40596\/revisions\/40597"}],"wp:attachment":[{"href":"https:\/\/www.fhycs.unam.edu.ar\/portada\/wp-json\/wp\/v2\/media?parent=40596"}],"wp:term":[{"taxonomy":"category","embeddable":true,"href":"https:\/\/www.fhycs.unam.edu.ar\/portada\/wp-json\/wp\/v2\/categories?post=40596"},{"taxonomy":"post_tag","embeddable":true,"href":"https:\/\/www.fhycs.unam.edu.ar\/portada\/wp-json\/wp\/v2\/tags?post=40596"}],"curies":[{"name":"wp","href":"https:\/\/api.w.org\/{rel}","templated":true}]}}