{"id":40670,"date":"2025-10-07T12:55:01","date_gmt":"2025-10-07T15:55:01","guid":{"rendered":"https:\/\/www.fhycs.unam.edu.ar\/portada\/?p=40670"},"modified":"2026-02-09T09:51:46","modified_gmt":"2026-02-09T12:51:46","slug":"llamado-a-concursos-docentes-14","status":"publish","type":"post","link":"https:\/\/www.fhycs.unam.edu.ar\/portada\/llamado-a-concursos-docentes-14\/","title":{"rendered":"Llamado a Concursos Docentes"},"content":{"rendered":"<p><strong>LA FACULTAD DE HUMANIDADES Y CIENCIAS SOCIALES-U.N<\/strong><strong>a.<\/strong><strong>M.<\/strong><\/p>\n<p><b>DECLARA ABIERTA LA INSCRIPCI\u00d3N PARA LOS CONCURSOS P\u00daBLICOS Y ABIERTOS, DE ANTECEDENTES Y OPOSICI\u00d3N PARA COBERTURA DE CARGOS DOCENTES \u2013 DISPOSICI\u00d3N N\u00b0 1929<\/b><\/p>\n<p><strong>\u00a0<\/strong><\/p>\n<table width=\"106%\">\n<thead>\n<tr>\n<td width=\"4%\"><strong>N\u00b0<\/strong><\/td>\n<td width=\"21%\"><strong>CARGO<\/strong><\/td>\n<td width=\"28%\"><strong>ASIGNATURA<\/strong><\/td>\n<td width=\"26%\">\n<h3>CARRERA<\/h3>\n<\/td>\n<td width=\"19%\">\n<h3>PLAZO DE INSCRIPCION<\/h3>\n<\/td>\n<\/tr>\n<tr>\n<td width=\"4%\"><strong>\u00a0<\/strong><\/p>\n<p><strong>1<\/strong><\/td>\n<td width=\"21%\"><strong>PROFESOR<\/strong><\/p>\n<p><strong>ADJUNTO<\/strong><\/p>\n<p><strong>Dedicaci\u00f3n Simple<\/strong><\/p>\n<p><strong>(1 cargo)<\/strong><\/td>\n<td width=\"28%\"><strong>LABORATORIO DE INFORM\u00c1TICA<\/strong><\/p>\n<p><strong>(1\u00ba A\u00f1o- Cuatrimestral- doble dictado)<\/strong><\/p>\n<p><a href=\"https:\/\/www.fhycs.unam.edu.ar\/portada\/wp-content\/uploads\/2025\/10\/Resolucion-436-25-Laboratorio-de-Informatica.pdf\" target=\"_blank\" rel=\"noopener\">Resoluci\u00f3n N\u00b0 436\/25<\/a><\/td>\n<td width=\"26%\">Licenciatura en Turismo<\/td>\n<td width=\"19%\">\n<h3>Desde: 06\/10\/25<\/h3>\n<h3>Hasta: 27\/10\/25<\/h3>\n<\/td>\n<\/tr>\n<tr>\n<td width=\"4%\"><strong>\u00a0<\/strong><\/p>\n<p><strong>2<\/strong><\/td>\n<td width=\"21%\"><strong>PROFESOR<\/strong><\/p>\n<p><strong>ADJUNTO<\/strong><\/p>\n<p><strong>Dedicaci\u00f3n Simple<\/strong><\/p>\n<p><strong>(1 cargo)<\/strong><\/td>\n<td width=\"28%\"><strong>PR\u00c1CTICA PROFESIONAL III- ESPEC\u00cdFICA DE PORTUGU\u00c9S<\/strong><\/p>\n<p><strong>(4\u00ba A\u00f1o- anual)<\/strong><\/p>\n<p><a href=\"https:\/\/www.fhycs.unam.edu.ar\/portada\/wp-content\/uploads\/2025\/10\/Resolucion-437-25-Practica-profesional-III-Especifica-Prof-en-Portugues.pdf\" target=\"_blank\" rel=\"noopener\">Resoluci\u00f3n N\u00b0437\/25<\/a><\/td>\n<td width=\"26%\">Profesorado en Portugu\u00e9s<\/td>\n<td width=\"19%\">\n<h3>Desde: 07\/10\/25<\/h3>\n<h3>Hasta: 28\/10\/25<\/h3>\n<\/td>\n<\/tr>\n<tr>\n<td width=\"4%\"><strong>\u00a0<\/strong><\/p>\n<p><strong>3<\/strong><\/td>\n<td width=\"21%\"><strong>PROFESOR<\/strong><\/p>\n<p><strong>ADJUNTO<\/strong><\/p>\n<p><strong>Dedicaci\u00f3n Simple<\/strong><\/p>\n<p><strong>(1 cargo)<\/strong><\/td>\n<td width=\"28%\"><strong>PROBLEM\u00c1TICA SOCIAL DE LA DISCAPACIDAD<\/strong><\/p>\n<p><strong>(4\u00b0 A\u00f1o-Cuatrimestral) <\/strong><\/p>\n<p>con afectaci\u00f3n a<\/p>\n<p><strong>RECURSOS PEDAGOGICOS TERAPEUTICOS DE LA KINESIOLOGIA<\/strong><\/p>\n<p><strong>(2\u00b0 A\u00f1o- Cuatrimestral)<\/strong><\/p>\n<p><a href=\"https:\/\/www.fhycs.unam.edu.ar\/portada\/wp-content\/uploads\/2025\/10\/Resolucion-439-25-Problematica-Social-de-la-Discapacidad.pdf\" target=\"_blank\" rel=\"noopener\">Resoluci\u00f3n N\u00b0439\/25<\/a><\/td>\n<td width=\"26%\">Profesorado en Educaci\u00f3n\u00a0 Especial<\/td>\n<td width=\"19%\">\n<h3>Desde: 08\/10\/25<\/h3>\n<h3>Hasta: 29\/10\/25<\/h3>\n<p>&nbsp;<\/td>\n<\/tr>\n<\/thead>\n<\/table>\n<p><strong>\u00a0<\/strong><\/p>\n<p><strong>INFORMES E INSCRIPCI\u00d3NES PRESENCIALES<\/strong>: Direcci\u00f3n de Desarrollo Curricular- Departamento de Concursos Docentes \u2013 Secretar\u00eda Acad\u00e9mica Adjunta, 1er Piso &#8211; Facultad de Humanidades y Ciencias Sociales &#8211; U.Na.M. &#8211; Calle Tucum\u00e1n N\u00ba 1946 \u2013 Posadas &#8211; Misiones.<\/p>\n<p><strong>CONSULTAS AL CORREO ELECTR\u00d3NICO<\/strong>: <a href=\"mailto:concursosdocentes@fhycs.unam.edu.ar\">concursosdocentes@fhycs.unam.edu.ar<\/a><\/p>\n<p><strong>HORARIO DE INFORMES E INSCRIPCI\u00d3NES PRESENCIALES<\/strong>: Lunes a Viernes de 07:00 a 12:00 hs.<\/p>\n<p><strong>REQUISITOS<\/strong>: Poseer T\u00edtulo de Grado Universitario; Acreditar Formaci\u00f3n y labor en Docencia Universitaria, de acuerdo al cargo concursado (Art\u00edculos 9\u00ba al 11\u00ba de la Ordenanza CS N\u00ba 082\/17 y Art\u00edculo 5\u00ba, de la Ordenanza CS N\u00ba 084\/21) y requisitos de Perfil, estipulados en cada llamado a concurso.<\/p>\n<p>P\u00e1gina Web http\/\/www.fhycs.unam.edu.ar \u2013 T.E. 4434344 \u2013 Interno 112.<\/p>\n<p>&nbsp;<\/p>\n<p>&nbsp;<\/p>\n","protected":false},"excerpt":{"rendered":"<p>LA FACULTAD DE HUMANIDADES Y CIENCIAS SOCIALES-U.Na.M. DECLARA ABIERTA LA INSCRIPCI\u00d3N PARA LOS CONCURSOS P\u00daBLICOS Y ABIERTOS, DE ANTECEDENTES Y OPOSICI\u00d3N PARA COBERTURA DE CARGOS DOCENTES \u2013 DISPOSICI\u00d3N N\u00b0 1929 \u00a0 N\u00b0 CARGO ASIGNATURA CARRERA PLAZO DE INSCRIPCION \u00a0 1 PROFESOR ADJUNTO Dedicaci\u00f3n Simple (1 cargo) LABORATORIO DE INFORM\u00c1TICA (1\u00ba A\u00f1o- Cuatrimestral- doble dictado) Resoluci\u00f3n [&hellip;]<\/p>\n","protected":false},"author":10,"featured_media":18316,"comment_status":"closed","ping_status":"closed","sticky":false,"template":"","format":"standard","meta":{"extendify_custom_stylesheet":""},"categories":[108],"tags":[5770],"_links":{"self":[{"href":"https:\/\/www.fhycs.unam.edu.ar\/portada\/wp-json\/wp\/v2\/posts\/40670"}],"collection":[{"href":"https:\/\/www.fhycs.unam.edu.ar\/portada\/wp-json\/wp\/v2\/posts"}],"about":[{"href":"https:\/\/www.fhycs.unam.edu.ar\/portada\/wp-json\/wp\/v2\/types\/post"}],"author":[{"embeddable":true,"href":"https:\/\/www.fhycs.unam.edu.ar\/portada\/wp-json\/wp\/v2\/users\/10"}],"replies":[{"embeddable":true,"href":"https:\/\/www.fhycs.unam.edu.ar\/portada\/wp-json\/wp\/v2\/comments?post=40670"}],"version-history":[{"count":1,"href":"https:\/\/www.fhycs.unam.edu.ar\/portada\/wp-json\/wp\/v2\/posts\/40670\/revisions"}],"predecessor-version":[{"id":40677,"href":"https:\/\/www.fhycs.unam.edu.ar\/portada\/wp-json\/wp\/v2\/posts\/40670\/revisions\/40677"}],"wp:featuredmedia":[{"embeddable":true,"href":"https:\/\/www.fhycs.unam.edu.ar\/portada\/wp-json\/wp\/v2\/media\/18316"}],"wp:attachment":[{"href":"https:\/\/www.fhycs.unam.edu.ar\/portada\/wp-json\/wp\/v2\/media?parent=40670"}],"wp:term":[{"taxonomy":"category","embeddable":true,"href":"https:\/\/www.fhycs.unam.edu.ar\/portada\/wp-json\/wp\/v2\/categories?post=40670"},{"taxonomy":"post_tag","embeddable":true,"href":"https:\/\/www.fhycs.unam.edu.ar\/portada\/wp-json\/wp\/v2\/tags?post=40670"}],"curies":[{"name":"wp","href":"https:\/\/api.w.org\/{rel}","templated":true}]}}